{"id":8519,"date":"2019-06-27T08:31:03","date_gmt":"2019-06-27T12:31:03","guid":{"rendered":"http:\/\/www.primeranota.cl\/web\/?p=8519"},"modified":"2019-06-27T08:31:03","modified_gmt":"2019-06-27T12:31:03","slug":"indh-solicita-al-gobierno-a-permitir-el-ingreso-a-chile-de-venezolanos-varados-en-frontera-con-peru","status":"publish","type":"post","link":"http:\/\/www.primeranota.cl\/web\/pais\/indh-solicita-al-gobierno-a-permitir-el-ingreso-a-chile-de-venezolanos-varados-en-frontera-con-peru\/","title":{"rendered":"INDH solicita al gobierno a permitir el ingreso a Chile de venezolanos varados en frontera con Per\u00fa"},"content":{"rendered":"<p>La directora del Instituto Nacional de Derechos Humanos (INDH), Consuelo Contreras, asegur\u00f3 este mi\u00e9rcoles que la situaci\u00f3n de los cientos de venezolanos en la frontera de Chile y Per\u00fa, sin permitirles el ingreso a el pa\u00eds desde hace varios d\u00edas, \u201ces altamente vulnerable\u201d.<\/p>\n<p>\u201cLa situaci\u00f3n de los venezolanos en la frontera es altamente vulnerable, debe permit\u00edrseles inmediatamente el ingreso a Chile\u201d, enfatiz\u00f3 Contreras, quien este mi\u00e9rcoles se traslad\u00f3 con un equipo de INDH hasta la frontera con Per\u00fa para constatar las condiciones de los venezolanos.<\/p>\n<p>Cientos de venezolanos que solicitan refugio, se encuentran acampando en la carretera, en la L\u00ednea de la Concordia, que separa ambos pa\u00edses, en espera de que las autoridades chilenas aprueben su ingreso.<\/p>\n<p>Contreras asegur\u00f3 a los periodistas que las condiciones \u201cson preocupantes dada la alta vulnerabilidad en que se encuentran las personas. Se les est\u00e1 mandando a la ciudad peruana de Tacna a hacer una serie de tr\u00e1mites que dificultan su admisi\u00f3n\u201d, asever\u00f3.<\/p>\n<p>Asegur\u00f3 que aproximadamente el 90 % de las personas que est\u00e1n en esa zona cuentan con familiares en Chile \u201cque tienen su documentaci\u00f3n al d\u00eda y que esperan su llegada\u201d.<\/p>\n<p>Contreras advirti\u00f3 que muchas personas solicitan refugio por razones pol\u00edticas, como militares que desertaron y exfuncionarios del Gobierno venezolano, a quienes se les ha impedido el ingreso, y que han visto peligrar su vida, y su integridad f\u00edsica y s\u00edquica, \u201cpor lo que se les debe dejar ingresar inmediatamente\u201d.<\/p>\n<p>Se\u00f1al\u00f3 que su organismo eval\u00faa la presentaci\u00f3n de acciones legales para que las aproximadamente 400 personas puedan ingresar a Chile.<\/p>\n<p>\u201cNos preocupan especialmente los ni\u00f1os y las mujeres, que seg\u00fan testimonios han sido insultadas y maltratadas. Un principio fundamental de los derechos humanos es la dignidad de las personas, por lo que esperamos que los funcionarios policiales y las autoridades, la respeten\u201d, sostuvo.<\/p>\n<p>Asimismo, Contreras levant\u00f3 la alerta respecto del eventual surgimiento de redes de trata y tr\u00e1fico de personas que se aprovechen de la vulnerabilidad de las personas migrantes, particularmente de ni\u00f1os y mujeres.<\/p>\n<p>\u201cNos preocupa tambi\u00e9n que muchas personas est\u00e1n ingresando por pasos no habilitados, sabemos que hay muchos sectores minados -minas antipersonales que fueron sembradas por los militares durante la dictadura de Augusto Pinochet (1973-1990)- lo que es sumamente peligroso para ellos\u201d, a\u00f1adi\u00f3 Contreras.<\/p>\n<p>La directora inform\u00f3 que este jueves se trasladar\u00e1 a Tacna para entrevistarse con Gustavo D\u00edaz, c\u00f3nsul de Chile en la ciudad peruana, \u201cpara conocer exactamente los requisitos que se est\u00e1n solicitando\u201d.<\/p>\n<p>Con el mismo objetivo y en paralelo, dos equipos del INDH se trasladaron uno al Paso de Colchane, en la frontera con Bolivia, y el otro al paso de Los Andes, en el l\u00edmite con Argentina, para saber del estado de los ciudadanos venezolanos que intentan cruzar la frontera por razones humanitarias.<\/p>\n<p>El lunes, el Servicio Jesuita a Migrantes (SJM) critic\u00f3 al Gobierno chileno por mantener a estos cientos de venezolanos en las fronteras del norte del pa\u00eds sin permitirles el ingreso.<\/p>\n<p>El director del SJM, Jos\u00e9 Tom\u00e1s Vicu\u00f1a, quien acus\u00f3 que hay lactantes que llevan cuatro d\u00edas a la intemperie sin alimentaci\u00f3n se pregunt\u00f3 de que como es posible que luego de hablar m\u00e1s de un a\u00f1o de la violaci\u00f3n de los derechos humanos en Venezuela \u201chacemos esto\u201d.<\/p>\n<p>\u201cLos derechos humanos no son hasta que me convenga\u201d, enfatiz\u00f3 Vicu\u00f1a para recalcar que Venezuela \u201cvive una situaci\u00f3n muy compleja\u201d, y que a estas personas se les daba dar la posibilidad de refugio, ya que vienen de un lugar donde hay conflictos internos o violaciones a los derechos humanos.<\/p>\n","protected":false},"excerpt":{"rendered":"<p>La directora del Instituto Nacional de Derechos Humanos (INDH), Consuelo Contreras, asegur\u00f3 este mi\u00e9rcoles que la situaci\u00f3n de los cientos de venezolanos en la frontera&#8230;<\/p>\n","protected":false},"author":2,"featured_media":2578,"comment_status":"closed","ping_status":"open","sticky":false,"template":"","format":"standard","meta":{"footnotes":""},"categories":[4,267],"tags":[],"_links":{"self":[{"href":"http:\/\/www.primeranota.cl\/web\/wp-json\/wp\/v2\/posts\/8519"}],"collection":[{"href":"http:\/\/www.primeranota.cl\/web\/wp-json\/wp\/v2\/posts"}],"about":[{"href":"http:\/\/www.primeranota.cl\/web\/wp-json\/wp\/v2\/types\/post"}],"author":[{"embeddable":true,"href":"http:\/\/www.primeranota.cl\/web\/wp-json\/wp\/v2\/users\/2"}],"replies":[{"embeddable":true,"href":"http:\/\/www.primeranota.cl\/web\/wp-json\/wp\/v2\/comments?post=8519"}],"version-history":[{"count":1,"href":"http:\/\/www.primeranota.cl\/web\/wp-json\/wp\/v2\/posts\/8519\/revisions"}],"predecessor-version":[{"id":8520,"href":"http:\/\/www.primeranota.cl\/web\/wp-json\/wp\/v2\/posts\/8519\/revisions\/8520"}],"wp:featuredmedia":[{"embeddable":true,"href":"http:\/\/www.primeranota.cl\/web\/wp-json\/wp\/v2\/media\/2578"}],"wp:attachment":[{"href":"http:\/\/www.primeranota.cl\/web\/wp-json\/wp\/v2\/media?parent=8519"}],"wp:term":[{"taxonomy":"category","embeddable":true,"href":"http:\/\/www.primeranota.cl\/web\/wp-json\/wp\/v2\/categories?post=8519"},{"taxonomy":"post_tag","embeddable":true,"href":"http:\/\/www.primeranota.cl\/web\/wp-json\/wp\/v2\/tags?post=8519"}],"curies":[{"name":"wp","href":"https:\/\/api.w.org\/{rel}","templated":true}]}}