{"id":8545,"date":"2019-06-28T07:48:21","date_gmt":"2019-06-28T11:48:21","guid":{"rendered":"http:\/\/www.primeranota.cl\/web\/?p=8545"},"modified":"2019-06-28T07:48:21","modified_gmt":"2019-06-28T11:48:21","slug":"termina-la-huelga-mineros-de-chuquicamata-aprueban-ultima-oferta-de-codelco","status":"publish","type":"post","link":"http:\/\/www.primeranota.cl\/web\/pais\/termina-la-huelga-mineros-de-chuquicamata-aprueban-ultima-oferta-de-codelco\/","title":{"rendered":"Termina la huelga: Mineros de Chuquicamata aprueban \u00faltima oferta de Codelco"},"content":{"rendered":"<div class=\"cuerpo_noticia estirar\">\n<p>Los trabajadores de la\u00a0<strong>Divisi\u00f3n Chuquicamata<\/strong>\u00a0de\u00a0<strong>Codelco\u00a0<\/strong>aceptaron la oferta de este s\u00e1bado de la cupr\u00edfera estatal y\u00a0<strong>se termina la huelga que se extendi\u00f3 por doce d\u00edas<\/strong>.<\/p>\n<div class=\"teads-inread\">\n<div>\n<div class=\"teads-ui-components-credits\">Mediante una votaci\u00f3n individual los miembros del Sindicato 1 lo aprobaron con 787 personas a favor y 231 en contra; en el Sindicato 2 unos 600 optaron por aceptar la oferta y 211 la rechazaron; y en el Sindicato 3 la votaci\u00f3n fue 725 a favor y 173 en contra.<\/div>\n<\/div>\n<\/div>\n<p>As\u00ed, los mineros volver\u00e1n a sus puestos de trabajo a partir del primer turno de este viernes.<\/p>\n<p>Por su parte y mediante un comunicado, Codelco asever\u00f3 que &#8220;hemos alcanzado tres acuerdos que satisfacen simult\u00e1neamente las expectativas de los trabajadores con los desaf\u00edos de nuestro negocio minero&#8221;.<\/p>\n<div id=\"zona_bot1\"><\/div>\n<\/div>\n<div class=\"info_noticia estirar\">\n<div class=\"tags\"><\/div>\n<\/div>\n","protected":false},"excerpt":{"rendered":"<p>Los trabajadores de la\u00a0Divisi\u00f3n Chuquicamata\u00a0de\u00a0Codelco\u00a0aceptaron la oferta de este s\u00e1bado de la cupr\u00edfera estatal y\u00a0se termina la huelga que se extendi\u00f3 por doce d\u00edas. Mediante&#8230;<\/p>\n","protected":false},"author":2,"featured_media":8194,"comment_status":"closed","ping_status":"open","sticky":false,"template":"","format":"standard","meta":{"footnotes":""},"categories":[4,267],"tags":[],"_links":{"self":[{"href":"http:\/\/www.primeranota.cl\/web\/wp-json\/wp\/v2\/posts\/8545"}],"collection":[{"href":"http:\/\/www.primeranota.cl\/web\/wp-json\/wp\/v2\/posts"}],"about":[{"href":"http:\/\/www.primeranota.cl\/web\/wp-json\/wp\/v2\/types\/post"}],"author":[{"embeddable":true,"href":"http:\/\/www.primeranota.cl\/web\/wp-json\/wp\/v2\/users\/2"}],"replies":[{"embeddable":true,"href":"http:\/\/www.primeranota.cl\/web\/wp-json\/wp\/v2\/comments?post=8545"}],"version-history":[{"count":1,"href":"http:\/\/www.primeranota.cl\/web\/wp-json\/wp\/v2\/posts\/8545\/revisions"}],"predecessor-version":[{"id":8546,"href":"http:\/\/www.primeranota.cl\/web\/wp-json\/wp\/v2\/posts\/8545\/revisions\/8546"}],"wp:featuredmedia":[{"embeddable":true,"href":"http:\/\/www.primeranota.cl\/web\/wp-json\/wp\/v2\/media\/8194"}],"wp:attachment":[{"href":"http:\/\/www.primeranota.cl\/web\/wp-json\/wp\/v2\/media?parent=8545"}],"wp:term":[{"taxonomy":"category","embeddable":true,"href":"http:\/\/www.primeranota.cl\/web\/wp-json\/wp\/v2\/categories?post=8545"},{"taxonomy":"post_tag","embeddable":true,"href":"http:\/\/www.primeranota.cl\/web\/wp-json\/wp\/v2\/tags?post=8545"}],"curies":[{"name":"wp","href":"https:\/\/api.w.org\/{rel}","templated":true}]}}