{"id":8554,"date":"2019-06-28T11:53:32","date_gmt":"2019-06-28T15:53:32","guid":{"rendered":"http:\/\/www.primeranota.cl\/web\/?p=8554"},"modified":"2019-06-28T11:55:19","modified_gmt":"2019-06-28T15:55:19","slug":"colegio-de-profesores-docentes-de-lautaro-se-capacitan-en-servicios-locales-de-educacion","status":"publish","type":"post","link":"http:\/\/www.primeranota.cl\/web\/region\/colegio-de-profesores-docentes-de-lautaro-se-capacitan-en-servicios-locales-de-educacion\/","title":{"rendered":"Colegio de profesores: Docentes de Lautaro se capacitan en servicios locales de educaci\u00f3n"},"content":{"rendered":"<p>En el marco de las actividades organizadas por el Colegio de Profesores de Lautaro, en el contexto la realizaci\u00f3n de asambleas diarias durante la movilizaci\u00f3n docente, se realiz\u00f3 una jornada de socializaci\u00f3n sobre los servicios locales de educaci\u00f3n, a cargo del profesor magister de la Universidad de la Frontera, Pablo Mart\u00ednez.<\/p>\n<p>En la jornada, realizada en el sal\u00f3n de actos de la Escuela 1, la presidenta del colegio de profesores de Lautaro, Andrea Gatica, explic\u00f3 que, \u201cconocer sobre los sistemas locales de educaci\u00f3n es una inquietud en la mayor\u00eda de los docentes, ya que si bien el concepto es bien recibido la implementaci\u00f3n del sistema est\u00e1 mal evaluada\u201d.<\/p>\n<p>La presidenta del Colegio de profesores de Lautaro, insisti\u00f3 en que las actividades organizadas durante el proceso de movilizaci\u00f3n son todas de responsabilidad gremial, pero destac\u00f3 que en la comuna cuentan con la coordinaci\u00f3n y apoyo del departamento de educaci\u00f3n de la Municipalidad<\/p>\n","protected":false},"excerpt":{"rendered":"<p>En el marco de las actividades organizadas por el Colegio de Profesores de Lautaro, en el contexto la realizaci\u00f3n de asambleas diarias durante la movilizaci\u00f3n&#8230;<\/p>\n","protected":false},"author":2,"featured_media":8555,"comment_status":"closed","ping_status":"open","sticky":false,"template":"","format":"standard","meta":{"footnotes":""},"categories":[267,3],"tags":[],"_links":{"self":[{"href":"http:\/\/www.primeranota.cl\/web\/wp-json\/wp\/v2\/posts\/8554"}],"collection":[{"href":"http:\/\/www.primeranota.cl\/web\/wp-json\/wp\/v2\/posts"}],"about":[{"href":"http:\/\/www.primeranota.cl\/web\/wp-json\/wp\/v2\/types\/post"}],"author":[{"embeddable":true,"href":"http:\/\/www.primeranota.cl\/web\/wp-json\/wp\/v2\/users\/2"}],"replies":[{"embeddable":true,"href":"http:\/\/www.primeranota.cl\/web\/wp-json\/wp\/v2\/comments?post=8554"}],"version-history":[{"count":3,"href":"http:\/\/www.primeranota.cl\/web\/wp-json\/wp\/v2\/posts\/8554\/revisions"}],"predecessor-version":[{"id":8558,"href":"http:\/\/www.primeranota.cl\/web\/wp-json\/wp\/v2\/posts\/8554\/revisions\/8558"}],"wp:featuredmedia":[{"embeddable":true,"href":"http:\/\/www.primeranota.cl\/web\/wp-json\/wp\/v2\/media\/8555"}],"wp:attachment":[{"href":"http:\/\/www.primeranota.cl\/web\/wp-json\/wp\/v2\/media?parent=8554"}],"wp:term":[{"taxonomy":"category","embeddable":true,"href":"http:\/\/www.primeranota.cl\/web\/wp-json\/wp\/v2\/categories?post=8554"},{"taxonomy":"post_tag","embeddable":true,"href":"http:\/\/www.primeranota.cl\/web\/wp-json\/wp\/v2\/tags?post=8554"}],"curies":[{"name":"wp","href":"https:\/\/api.w.org\/{rel}","templated":true}]}}