{"id":8587,"date":"2019-07-01T07:50:53","date_gmt":"2019-07-01T11:50:53","guid":{"rendered":"http:\/\/www.primeranota.cl\/web\/?p=8587"},"modified":"2019-07-01T07:50:53","modified_gmt":"2019-07-01T11:50:53","slug":"dc-por-reforma-previsional-pidio-que-la-oposicion-apoye-sus-ideas-si-quiere-nuestros-votos","status":"publish","type":"post","link":"http:\/\/www.primeranota.cl\/web\/pais\/dc-por-reforma-previsional-pidio-que-la-oposicion-apoye-sus-ideas-si-quiere-nuestros-votos\/","title":{"rendered":"DC por reforma previsional:  pidi\u00f3 que la oposici\u00f3n apoye sus ideas &#8220;si quiere nuestros votos&#8221;"},"content":{"rendered":"<p>El diputado de la Democracia Cristiana\u00a0<strong>Gabriel Silber<\/strong>, integrante de la Comisi\u00f3n de Trabajo de la C\u00e1mara,\u00a0<strong>pidi\u00f3 a los partidos de la oposici\u00f3n que apoyen las f\u00f3rmulas que est\u00e1 explorando el partido para la reforma previsional &#8220;si quieren contar&#8221; con los votos de la bancada<\/strong>\u00a0en su discusi\u00f3n.<\/p>\n<p>La\u00a0<strong>oposici\u00f3n enviar\u00e1 este lunes al Gobierno de Sebasti\u00e1n Pi\u00f1era un documento con las &#8220;exigencias m\u00ednimas&#8221; para el debate<\/strong>. Dentro de este acuerdo est\u00e1 presente la DC, partido que anteriormente fue criticado por votar a favor de la idea de legislar, desmarc\u00e1ndose as\u00ed de la decisi\u00f3n del bloque.<\/p>\n<p>La tienda liderada por Fuad Chah\u00edn espera que los partidos de centroizquierda se abran a sus contrapropuestas.<\/p>\n<p>&#8220;Nosotros queremos actuar con transparencia, nuestras ideas de c\u00f3mo mejorar las pensiones, y tambi\u00e9n nos gustar\u00eda que la oposici\u00f3n obviamente las apoyara si quieren contar con nuestros votos&#8221;, dijo el diputado Silber a\u00a0<strong>Cooperativa<\/strong>.<\/p>\n<p>&#8220;Lo que nosotros<strong>\u00a0le vamos a pedir a la oposici\u00f3n es que exista reciprocidad<\/strong>\u00a0respecto a nuestras propuestas. Vamos a preguntar cu\u00e1l va a ser la reacci\u00f3n de los diputados de oposici\u00f3n respecto\u00a0<strong>al ente p\u00fablico o del 4 por ciento y el incremento de la solidaridad<\/strong>&#8220;, enfatiz\u00f3.<\/p>\n<p>Aunque a\u00fan existen diferencias, en el acuerdo se puso el foco en los puntos comunes, aseguraron las diputadas\u00a0<strong>Gael Yeomans<\/strong>\u00a0(Izquierda Libertaria) y\u00a0<strong>Karol Cariola<\/strong>\u00a0(Partido Comunista).<\/p>\n<p>&#8220;<strong>Nos parece que es riesgoso mantener ciertos aspectos que pueden ser incluso retroceso m\u00e1s que un avance<\/strong>. Estamos en avance com\u00fan en materia del pilar solidario, no as\u00ed en materia de lo que resta de la reforma, el pilar contributivo, sobre el 4 por ciento, no hay acuerdo&#8221;, dijo Yeomans,\u00a0presidenta de la la comisi\u00f3n de Trabajo de la C\u00e1mara.<\/p>\n<p>Por su parte, la diputada Cariola se\u00f1al\u00f3 que &#8220;<strong>probablemente en el pilar contributivo<\/strong>, que tiene que ver con las AFP y sus regulaciones,\u00a0<strong>no vamos a tener acuerdo<\/strong>, y en eso las condiciones son distintas, pero primero zanjemos el pilar solidario y despu\u00e9s discutiremos los elementos que tienen que ver con el pilar contributivo&#8221;.<\/p>\n<p>La Comisi\u00f3n de Trabajo sesionar\u00e1 este lunes, martes, mi\u00e9rcoles y jueves por el pilar solidario y se espera que estas jornadas se extiendan durante las pr\u00f3ximas semanas.<\/p>\n","protected":false},"excerpt":{"rendered":"<p>El diputado de la Democracia Cristiana\u00a0Gabriel Silber, integrante de la Comisi\u00f3n de Trabajo de la C\u00e1mara,\u00a0pidi\u00f3 a los partidos de la oposici\u00f3n que apoyen las&#8230;<\/p>\n","protected":false},"author":2,"featured_media":5697,"comment_status":"closed","ping_status":"open","sticky":false,"template":"","format":"standard","meta":{"footnotes":""},"categories":[4,267],"tags":[],"_links":{"self":[{"href":"http:\/\/www.primeranota.cl\/web\/wp-json\/wp\/v2\/posts\/8587"}],"collection":[{"href":"http:\/\/www.primeranota.cl\/web\/wp-json\/wp\/v2\/posts"}],"about":[{"href":"http:\/\/www.primeranota.cl\/web\/wp-json\/wp\/v2\/types\/post"}],"author":[{"embeddable":true,"href":"http:\/\/www.primeranota.cl\/web\/wp-json\/wp\/v2\/users\/2"}],"replies":[{"embeddable":true,"href":"http:\/\/www.primeranota.cl\/web\/wp-json\/wp\/v2\/comments?post=8587"}],"version-history":[{"count":1,"href":"http:\/\/www.primeranota.cl\/web\/wp-json\/wp\/v2\/posts\/8587\/revisions"}],"predecessor-version":[{"id":8588,"href":"http:\/\/www.primeranota.cl\/web\/wp-json\/wp\/v2\/posts\/8587\/revisions\/8588"}],"wp:featuredmedia":[{"embeddable":true,"href":"http:\/\/www.primeranota.cl\/web\/wp-json\/wp\/v2\/media\/5697"}],"wp:attachment":[{"href":"http:\/\/www.primeranota.cl\/web\/wp-json\/wp\/v2\/media?parent=8587"}],"wp:term":[{"taxonomy":"category","embeddable":true,"href":"http:\/\/www.primeranota.cl\/web\/wp-json\/wp\/v2\/categories?post=8587"},{"taxonomy":"post_tag","embeddable":true,"href":"http:\/\/www.primeranota.cl\/web\/wp-json\/wp\/v2\/tags?post=8587"}],"curies":[{"name":"wp","href":"https:\/\/api.w.org\/{rel}","templated":true}]}}