{"id":8589,"date":"2019-07-01T07:58:08","date_gmt":"2019-07-01T11:58:08","guid":{"rendered":"http:\/\/www.primeranota.cl\/web\/?p=8589"},"modified":"2019-07-01T07:58:08","modified_gmt":"2019-07-01T11:58:08","slug":"ministro-del-interior-por-procesamiento-de-general-r-oviedo-es-extraordinariamente-grave","status":"publish","type":"post","link":"http:\/\/www.primeranota.cl\/web\/pais\/ministro-del-interior-por-procesamiento-de-general-r-oviedo-es-extraordinariamente-grave\/","title":{"rendered":"Ministro del Interior por procesamiento de General (r) Oviedo &#8220;es extraordinariamente grave&#8221;"},"content":{"rendered":"<div class=\"td-post-header\">\n<header class=\"td-post-title\">\n<p class=\"td-post-sub-title\">Titular del Interior sostuvo que \u201cel Gobierno respalda completamente la acci\u00f3n de la Justicia frente a un hecho totalmente condenable de resultar efectivo y cierto de que ha habido malversaci\u00f3n de recursos p\u00fablicos por parte de una autoridad del Ej\u00e9rcito\u201d.<\/p>\n<div class=\"td-module-meta-info\">\n<div class=\"td-post-author-name\"><\/div>\n<\/div>\n<\/header>\n<\/div>\n<div class=\"td-post-content\">\n<p>En medio de la celebraci\u00f3n del<strong>\u00a0aniversario 168 de Bomberos de Chile<\/strong>, el<strong>\u00a0ministro del Interior, Andr\u00e9s Chadwick,<\/strong>\u00a0se refiri\u00f3 a la situaci\u00f3n que enfrenta el\u00a0<strong>excomandante en Jefe del Ej\u00e9rcito, Humberto Oviedo,<\/strong>\u00a0quien en la medianoche de este s\u00e1bado fue procesado por la jueza Romy Rutherford por presunta malversaci\u00f3n de m\u00e1s de $ 4.500 millones.<\/p>\n<p>El titular de Iterior calific\u00f3 como una\u00a0<strong>\u201csituaci\u00f3n extraordinariamente grave\u201d<\/strong>\u00a0las acusaciones contra el general (r).<\/p>\n<p><strong>\u201cEs una situaci\u00f3n extraordinariamente grave y, por eso es que se est\u00e1 investigado judicialmente, y se han adoptado medidas judiciales muy severas.<\/strong>\u00a0El Gobierno respalda completamente la acci\u00f3n de la Justicia frente a un hecho totalmente condenable de resultar efectivo y cierto de que ha habido malversaci\u00f3n de recursos p\u00fablicos por parte de una autoridad del Ej\u00e9rcito\u201d, sostuvo el secretario de Estado.<\/p>\n<p>Al ser consultado si era importante regular los gastos reservados, el ministro explic\u00f3 que\u00a0<strong>\u201cse est\u00e1 tramitando un proyecto de ley que estamos impulsando, y el Gobierno est\u00e1 teniendo una participaci\u00f3n activa para efecto de la regulaci\u00f3n por la v\u00eda de la ley del mayor control y de un eficaz control del uso de los gastos reservados\u201d.<\/strong><\/p>\n<p>Chadwick reafirm\u00f3 que le han pedido a la autoridad administrativa ser \u201cextraordinariamente rigurosa y nosotros como Gobierno controlando y fiscalizando, pero necesitamos una ley y, por eso que la hemos hecho\u201d, remarc\u00f3.<\/p>\n<\/div>\n","protected":false},"excerpt":{"rendered":"<p>Titular del Interior sostuvo que \u201cel Gobierno respalda completamente la acci\u00f3n de la Justicia frente a un hecho totalmente condenable de resultar efectivo y cierto&#8230;<\/p>\n","protected":false},"author":2,"featured_media":3546,"comment_status":"closed","ping_status":"open","sticky":false,"template":"","format":"standard","meta":{"footnotes":""},"categories":[4,267],"tags":[],"_links":{"self":[{"href":"http:\/\/www.primeranota.cl\/web\/wp-json\/wp\/v2\/posts\/8589"}],"collection":[{"href":"http:\/\/www.primeranota.cl\/web\/wp-json\/wp\/v2\/posts"}],"about":[{"href":"http:\/\/www.primeranota.cl\/web\/wp-json\/wp\/v2\/types\/post"}],"author":[{"embeddable":true,"href":"http:\/\/www.primeranota.cl\/web\/wp-json\/wp\/v2\/users\/2"}],"replies":[{"embeddable":true,"href":"http:\/\/www.primeranota.cl\/web\/wp-json\/wp\/v2\/comments?post=8589"}],"version-history":[{"count":1,"href":"http:\/\/www.primeranota.cl\/web\/wp-json\/wp\/v2\/posts\/8589\/revisions"}],"predecessor-version":[{"id":8590,"href":"http:\/\/www.primeranota.cl\/web\/wp-json\/wp\/v2\/posts\/8589\/revisions\/8590"}],"wp:featuredmedia":[{"embeddable":true,"href":"http:\/\/www.primeranota.cl\/web\/wp-json\/wp\/v2\/media\/3546"}],"wp:attachment":[{"href":"http:\/\/www.primeranota.cl\/web\/wp-json\/wp\/v2\/media?parent=8589"}],"wp:term":[{"taxonomy":"category","embeddable":true,"href":"http:\/\/www.primeranota.cl\/web\/wp-json\/wp\/v2\/categories?post=8589"},{"taxonomy":"post_tag","embeddable":true,"href":"http:\/\/www.primeranota.cl\/web\/wp-json\/wp\/v2\/tags?post=8589"}],"curies":[{"name":"wp","href":"https:\/\/api.w.org\/{rel}","templated":true}]}}