{"id":8597,"date":"2019-07-01T16:55:10","date_gmt":"2019-07-01T20:55:10","guid":{"rendered":"http:\/\/www.primeranota.cl\/web\/?p=8597"},"modified":"2019-07-01T16:55:10","modified_gmt":"2019-07-01T20:55:10","slug":"indap-entrega-apoyo-a-emprendimiento-agricola-familiar-de-teodoro-schmitd","status":"publish","type":"post","link":"http:\/\/www.primeranota.cl\/web\/pais\/indap-entrega-apoyo-a-emprendimiento-agricola-familiar-de-teodoro-schmitd\/","title":{"rendered":"INDAP entrega apoyo a emprendimiento agr\u00edcola familiar de Teodoro Schmitd"},"content":{"rendered":"<p>Como un ejemplo de superaci\u00f3n y trabajo constante en el campo, as\u00ed se puede resumir la historia de Cristina Willhelm y su familia. Ubicados en el sector Hualp\u00edn, en la comuna de Teodoro Schmitd, comenzaron su emprendimiento OMI\u00b4S el a\u00f1o 2009, cuando el padre de Cristina ten\u00eda 67 a\u00f1os, demostrando que a la hora de emprender en el campo no importa la edad, m\u00e1s bien las ganas y deseos de surgir.<\/p>\n<p>OMI\u00b4S es una peque\u00f1a empresa familiar, que se dedica a los frutos secos y condimentos propios de la zona costera de La Araucan\u00eda, los cuales se comercializan y distribuyen en importantes cadenas de supermercados nacionales. <em>Lo importante de todo lo que hemos vivido con la empresa a trav\u00e9s de los a\u00f1os es la experiencia<\/em>, asegura la usuaria de INDAP que recibi\u00f3 un importante respaldo para mejorar su sala de procesos. \u201c<strong><em>Tengo aprobado un proyecto para ampliar m\u00e1s las instalaciones, as\u00ed seguir mejorando y dar cumplimiento a los m\u00e1s altos est\u00e1ndares de calidad e inocuidad, para seguir entregando nuestros productos<\/em><\/strong>\u201d, asegur\u00f3 la emprendedora.<\/p>\n<p>Por su parte, la directora regional de INDAP, Carolina Meier, destac\u00f3 que la agricultura forma parte del Programa Sabores del Campo que impulsa la instituci\u00f3n del agro, el cual busca mejorar la inserci\u00f3n de los productos la Agricultura Familiar Campesina (AFC) en el mercado formal de los productos procesados. \u201c<strong><em>Nosotros abrimos un concurso de inversi\u00f3n espec\u00edfico para agricultores que participan de este Programa y lo que buscamos es mejorar la calidad de los alimentos, darle un valor agregado a este tipo de productos. Para este emprendimiento aportamos con 5 millones de pesos, para que siga desarroll\u00e1ndose<\/em><\/strong>\u201d, puntualiz\u00f3 la autoridad regional del agro al momento de entregar los recursos junto al director nacional de INDAP, Carlos Recondo.<\/p>\n<p>Un punto a destacar de este emprendimiento, es que parte de las materias primas que se necesitan para alcanzar los vol\u00famenes de producci\u00f3n, se adquieren a otros peque\u00f1os productores, dando as\u00ed dinamismo a la econom\u00eda campesina local y fomentando el trabajo en forma permanente.<\/p>\n<p>Entre los beneficios que tienen los usuarios de\u00a0 INDAP que participan del Programa Sabores del Campo destacan: Asegurar la calidad de los alimentos; aspectos productivos y de gesti\u00f3n; y articulaci\u00f3n con otros Programas complementarios del mismo servicio o de la red p\u00fablica, en los \u00e1mbitos del desarrollo de capacidades y financiamiento.<\/p>\n","protected":false},"excerpt":{"rendered":"<p>Como un ejemplo de superaci\u00f3n y trabajo constante en el campo, as\u00ed se puede resumir la historia de Cristina Willhelm y su familia. Ubicados en&#8230;<\/p>\n","protected":false},"author":2,"featured_media":8598,"comment_status":"closed","ping_status":"open","sticky":false,"template":"","format":"standard","meta":{"footnotes":""},"categories":[4,267],"tags":[],"_links":{"self":[{"href":"http:\/\/www.primeranota.cl\/web\/wp-json\/wp\/v2\/posts\/8597"}],"collection":[{"href":"http:\/\/www.primeranota.cl\/web\/wp-json\/wp\/v2\/posts"}],"about":[{"href":"http:\/\/www.primeranota.cl\/web\/wp-json\/wp\/v2\/types\/post"}],"author":[{"embeddable":true,"href":"http:\/\/www.primeranota.cl\/web\/wp-json\/wp\/v2\/users\/2"}],"replies":[{"embeddable":true,"href":"http:\/\/www.primeranota.cl\/web\/wp-json\/wp\/v2\/comments?post=8597"}],"version-history":[{"count":1,"href":"http:\/\/www.primeranota.cl\/web\/wp-json\/wp\/v2\/posts\/8597\/revisions"}],"predecessor-version":[{"id":8599,"href":"http:\/\/www.primeranota.cl\/web\/wp-json\/wp\/v2\/posts\/8597\/revisions\/8599"}],"wp:featuredmedia":[{"embeddable":true,"href":"http:\/\/www.primeranota.cl\/web\/wp-json\/wp\/v2\/media\/8598"}],"wp:attachment":[{"href":"http:\/\/www.primeranota.cl\/web\/wp-json\/wp\/v2\/media?parent=8597"}],"wp:term":[{"taxonomy":"category","embeddable":true,"href":"http:\/\/www.primeranota.cl\/web\/wp-json\/wp\/v2\/categories?post=8597"},{"taxonomy":"post_tag","embeddable":true,"href":"http:\/\/www.primeranota.cl\/web\/wp-json\/wp\/v2\/tags?post=8597"}],"curies":[{"name":"wp","href":"https:\/\/api.w.org\/{rel}","templated":true}]}}