{"id":8604,"date":"2019-07-02T08:10:49","date_gmt":"2019-07-02T12:10:49","guid":{"rendered":"http:\/\/www.primeranota.cl\/web\/?p=8604"},"modified":"2019-07-02T08:10:49","modified_gmt":"2019-07-02T12:10:49","slug":"profesores-continuan-en-paro","status":"publish","type":"post","link":"http:\/\/www.primeranota.cl\/web\/pais\/profesores-continuan-en-paro\/","title":{"rendered":"Profesores contin\u00faan en paro"},"content":{"rendered":"<p>El presidente del\u00a0<strong>Colegio de Profesores, Mario Aguilar,<\/strong>\u00a0dio a conocer, pasadas las 19 horas de este lunes, el resultado de la votaci\u00f3n a que fue sometida en esta jornada la respuesta que les dio el\u00a0<strong>Ministerio de Educaci\u00f3n<\/strong>\u00a0a su petitorio.<\/p>\n<p>El punto que ha entrampado las conversaciones es el pago del reconocimiento (especializaci\u00f3n) que pide el Magisterio para los\u00a0<strong>educadores diferenciales y parvularias.<\/strong><\/p>\n<p>El documento, de 32 puntos, les fue entregado el viernes, luego que durante el mi\u00e9rcoles y jueves los representantes del Magisterio se reunieran con el s<strong>ubsecretario de la cartera, Ra\u00fal Figueroa, y la ministra Marcela Cubillos.<\/strong><\/p>\n<p>Hasta las 19 horas de este lunes, con<strong>\u00a041.512 votos computados<\/strong>\u00a0(el 61,96% del total de comunas)\u00a0<strong>se impon\u00eda la opci\u00f3n 3 de la consulta realizada, en la que se se\u00f1alaba \u201cno acepto la respuesta del Mineduc y sigo en paro indefinido\u201d<\/strong>.\u00a0<strong>Esta obtuvo 30.525 preferencias (73,72%).<\/strong><\/p>\n<p>La<strong>\u00a0alternativa 1<\/strong>\u00a0que era \u201cacepto respuesta y depongo el paro\u201d lograba 866 votos (2.09%).<\/p>\n<p>La\u00a0<strong>opci\u00f3n 2<\/strong>\u00a0que implicaba aceptar parcialmente la respuesta del Mineduc deponiendo el paro indefinido obten\u00eda 9.959 votos (24,08%).<\/p>\n<p>Mario Aguilar sostuvo que los resultados\u00a0<strong>\u201ces una se\u00f1al al Gobierno de que es necesaria una respuesta que conforme y tranquilice al profesorado\u201d.<\/strong><\/p>\n<p><strong>El paro se inici\u00f3 el 3 de junio pasado y cumple su quinta semana.<\/strong><\/p>\n","protected":false},"excerpt":{"rendered":"<p>El presidente del\u00a0Colegio de Profesores, Mario Aguilar,\u00a0dio a conocer, pasadas las 19 horas de este lunes, el resultado de la votaci\u00f3n a que fue sometida&#8230;<\/p>\n","protected":false},"author":2,"featured_media":8180,"comment_status":"closed","ping_status":"open","sticky":false,"template":"","format":"standard","meta":{"footnotes":""},"categories":[4,267],"tags":[],"_links":{"self":[{"href":"http:\/\/www.primeranota.cl\/web\/wp-json\/wp\/v2\/posts\/8604"}],"collection":[{"href":"http:\/\/www.primeranota.cl\/web\/wp-json\/wp\/v2\/posts"}],"about":[{"href":"http:\/\/www.primeranota.cl\/web\/wp-json\/wp\/v2\/types\/post"}],"author":[{"embeddable":true,"href":"http:\/\/www.primeranota.cl\/web\/wp-json\/wp\/v2\/users\/2"}],"replies":[{"embeddable":true,"href":"http:\/\/www.primeranota.cl\/web\/wp-json\/wp\/v2\/comments?post=8604"}],"version-history":[{"count":1,"href":"http:\/\/www.primeranota.cl\/web\/wp-json\/wp\/v2\/posts\/8604\/revisions"}],"predecessor-version":[{"id":8605,"href":"http:\/\/www.primeranota.cl\/web\/wp-json\/wp\/v2\/posts\/8604\/revisions\/8605"}],"wp:featuredmedia":[{"embeddable":true,"href":"http:\/\/www.primeranota.cl\/web\/wp-json\/wp\/v2\/media\/8180"}],"wp:attachment":[{"href":"http:\/\/www.primeranota.cl\/web\/wp-json\/wp\/v2\/media?parent=8604"}],"wp:term":[{"taxonomy":"category","embeddable":true,"href":"http:\/\/www.primeranota.cl\/web\/wp-json\/wp\/v2\/categories?post=8604"},{"taxonomy":"post_tag","embeddable":true,"href":"http:\/\/www.primeranota.cl\/web\/wp-json\/wp\/v2\/tags?post=8604"}],"curies":[{"name":"wp","href":"https:\/\/api.w.org\/{rel}","templated":true}]}}