{"id":8655,"date":"2019-07-04T08:24:13","date_gmt":"2019-07-04T12:24:13","guid":{"rendered":"http:\/\/www.primeranota.cl\/web\/?p=8655"},"modified":"2019-07-04T08:24:13","modified_gmt":"2019-07-04T12:24:13","slug":"camara-de-diputados-denunciara-ante-fiscal-nacional-amenazas-de-muerte-contra-hugo-gutierrez","status":"publish","type":"post","link":"http:\/\/www.primeranota.cl\/web\/pais\/camara-de-diputados-denunciara-ante-fiscal-nacional-amenazas-de-muerte-contra-hugo-gutierrez\/","title":{"rendered":"C\u00e1mara de Diputados denunciar\u00e1 ante Fiscal Nacional amenazas de muerte contra Hugo Guti\u00e9rrez"},"content":{"rendered":"<p>La C\u00e1mara de Diputados denunciar\u00e1 ante el Ministerio P\u00fablico las amenazas de muerte contra el parlamentario PC\u00a0<strong>Hugo Guti\u00e9rrez<\/strong>, vertidas en un medio digital de Iquique.<\/p>\n<p>El presidente de la instancia, el DC Iv\u00e1n Flores, expres\u00f3 &#8220;su m\u00e1s absoluta condena y solidaridad con el parlamentario&#8221;.<\/p>\n<p>&#8220;La\u00a0<strong>instalaci\u00f3n de la violencia, de palabra y de incitaci\u00f3n al odio<\/strong>\u00a0es un peligro para el sistema democr\u00e1tico, por lo que estimamos necesario tomar todas las medidas necesarias para detenerla&#8221;, expres\u00f3 la corporaci\u00f3n en su sitio web.<\/p>\n<p>&#8220;Como Corporaci\u00f3n\u00a0<strong>presentaremos una denuncia ante el Fiscal Nacional<\/strong>\u00a0para que se investiguen y sancionen estos graves hechos&#8221;, concluye el comunicado.<\/p>\n","protected":false},"excerpt":{"rendered":"<p>La C\u00e1mara de Diputados denunciar\u00e1 ante el Ministerio P\u00fablico las amenazas de muerte contra el parlamentario PC\u00a0Hugo Guti\u00e9rrez, vertidas en un medio digital de Iquique&#8230;.<\/p>\n","protected":false},"author":2,"featured_media":5262,"comment_status":"closed","ping_status":"open","sticky":false,"template":"","format":"standard","meta":{"footnotes":""},"categories":[4,267],"tags":[],"_links":{"self":[{"href":"http:\/\/www.primeranota.cl\/web\/wp-json\/wp\/v2\/posts\/8655"}],"collection":[{"href":"http:\/\/www.primeranota.cl\/web\/wp-json\/wp\/v2\/posts"}],"about":[{"href":"http:\/\/www.primeranota.cl\/web\/wp-json\/wp\/v2\/types\/post"}],"author":[{"embeddable":true,"href":"http:\/\/www.primeranota.cl\/web\/wp-json\/wp\/v2\/users\/2"}],"replies":[{"embeddable":true,"href":"http:\/\/www.primeranota.cl\/web\/wp-json\/wp\/v2\/comments?post=8655"}],"version-history":[{"count":1,"href":"http:\/\/www.primeranota.cl\/web\/wp-json\/wp\/v2\/posts\/8655\/revisions"}],"predecessor-version":[{"id":8656,"href":"http:\/\/www.primeranota.cl\/web\/wp-json\/wp\/v2\/posts\/8655\/revisions\/8656"}],"wp:featuredmedia":[{"embeddable":true,"href":"http:\/\/www.primeranota.cl\/web\/wp-json\/wp\/v2\/media\/5262"}],"wp:attachment":[{"href":"http:\/\/www.primeranota.cl\/web\/wp-json\/wp\/v2\/media?parent=8655"}],"wp:term":[{"taxonomy":"category","embeddable":true,"href":"http:\/\/www.primeranota.cl\/web\/wp-json\/wp\/v2\/categories?post=8655"},{"taxonomy":"post_tag","embeddable":true,"href":"http:\/\/www.primeranota.cl\/web\/wp-json\/wp\/v2\/tags?post=8655"}],"curies":[{"name":"wp","href":"https:\/\/api.w.org\/{rel}","templated":true}]}}