{"id":8712,"date":"2019-07-07T08:56:14","date_gmt":"2019-07-07T12:56:14","guid":{"rendered":"http:\/\/www.primeranota.cl\/web\/?p=8712"},"modified":"2019-07-07T08:56:14","modified_gmt":"2019-07-07T12:56:14","slug":"ubilla-sobre-migracion-venezolana-el-pais-no-tiene-una-capacidad-ilimitada","status":"publish","type":"post","link":"http:\/\/www.primeranota.cl\/web\/pais\/ubilla-sobre-migracion-venezolana-el-pais-no-tiene-una-capacidad-ilimitada\/","title":{"rendered":"Ubilla sobre migraci\u00f3n venezolana: &#8220;El pa\u00eds no tiene una capacidad ilimitada&#8221;"},"content":{"rendered":"<p>Luego de su visita al paso fronterizo Chacalluta, el subsecretario del Interior, Rodrigo Ubilla, se refiri\u00f3 a la situaci\u00f3n migratoria del pa\u00eds, afirmando que \u201chay un l\u00edmite, el pa\u00eds no tiene una capacidad ilimitada para recibir extranjeros\u201d.<\/p>\n<p>En entrevista con La Tercera,\u00a0<strong>Ubilla indic\u00f3 que la situaci\u00f3n que se vive en Chacalluta, donde se aument\u00f3 el flujo de ciudadanos venezolanos que buscan ingresar a Chile, es algo que no los pill\u00f3 desprevenidos<\/strong>\u00a0ya que \u201cest\u00e1bamos de alguna manera adelantados y, tan cierto es eso, que extendimos la vigencia de los pasaportes venezolanos incluso antes que el Per\u00fa\u201d.<\/p>\n<p>Sin embargo admiti\u00f3 que no se esperaba esa cantidad de personas en el paso fronterizo.<strong>\u00a0\u201cSi usted me dice si esperaba que el 23 de junio tuvi\u00e9ramos 540 personas, no, no lo esper\u00e1bamos. Pens\u00e9 que iba a ser un flujo progresivo\u201d<\/strong>, sostuvo.<\/p>\n<p>El subsecretario afirm\u00f3 que\u00a0<strong>\u201chay un l\u00edmite, el pa\u00eds no tiene una capacidad ilimitada para recibir extranjeros, sean de la nacionalidad que sean, porque, adem\u00e1s, es enga\u00f1arlos.<\/strong>\u00a0Es, al final, invitarlos a que terminen viviendo hacinados, en un gueto, en cualquier parte o ciudad del pa\u00eds y vendiendo cualquier producto en las esquinas\u201d.<\/p>\n<p>Ubilla defendi\u00f3 las medidas que se han tomado ya que buscan una \u201cmigraci\u00f3n segura (\u2026) para el pa\u00eds por el hecho de que no entren delincuentes, pero tambi\u00e9n es seguro para el migrante que tenga una condici\u00f3n m\u00ednima de reinserci\u00f3n en la sociedad\u201d.<\/p>\n<p>Al ser consultado si se podr\u00eda suspender la entrega de la<strong>\u00a0Visa de Responsabilidad Democr\u00e1tica<\/strong>, el subsecretario sostuvo que no existen antecedentes para hacerlo, ya que ha sido evaluada positivamente, y subraya que deber\u00eda haber un \u00e9nfasis en una \u201cvisa de reunificaci\u00f3n familiar, porque ya que tenemos una cantidad importante de venezolanos, a lo mejor m\u00e1s que nuevas familias uno puede darle una prioridad a la reunificaci\u00f3n de los que ya est\u00e1n\u201d.<\/p>\n<p>Finalmente Ubilla indic\u00f3 que la exigencia de la visa consular para venezolanos que ingresen al pa\u00eds \u201ces una visa humanitaria\u201d y critic\u00f3 a los detractores de la medida y lo calific\u00f3 como \u201cun aprovechamiento pol\u00edtico\u201d.<\/p>\n","protected":false},"excerpt":{"rendered":"<p>Luego de su visita al paso fronterizo Chacalluta, el subsecretario del Interior, Rodrigo Ubilla, se refiri\u00f3 a la situaci\u00f3n migratoria del pa\u00eds, afirmando que \u201chay&#8230;<\/p>\n","protected":false},"author":2,"featured_media":6806,"comment_status":"closed","ping_status":"open","sticky":false,"template":"","format":"standard","meta":{"footnotes":""},"categories":[4,267],"tags":[],"_links":{"self":[{"href":"http:\/\/www.primeranota.cl\/web\/wp-json\/wp\/v2\/posts\/8712"}],"collection":[{"href":"http:\/\/www.primeranota.cl\/web\/wp-json\/wp\/v2\/posts"}],"about":[{"href":"http:\/\/www.primeranota.cl\/web\/wp-json\/wp\/v2\/types\/post"}],"author":[{"embeddable":true,"href":"http:\/\/www.primeranota.cl\/web\/wp-json\/wp\/v2\/users\/2"}],"replies":[{"embeddable":true,"href":"http:\/\/www.primeranota.cl\/web\/wp-json\/wp\/v2\/comments?post=8712"}],"version-history":[{"count":1,"href":"http:\/\/www.primeranota.cl\/web\/wp-json\/wp\/v2\/posts\/8712\/revisions"}],"predecessor-version":[{"id":8713,"href":"http:\/\/www.primeranota.cl\/web\/wp-json\/wp\/v2\/posts\/8712\/revisions\/8713"}],"wp:featuredmedia":[{"embeddable":true,"href":"http:\/\/www.primeranota.cl\/web\/wp-json\/wp\/v2\/media\/6806"}],"wp:attachment":[{"href":"http:\/\/www.primeranota.cl\/web\/wp-json\/wp\/v2\/media?parent=8712"}],"wp:term":[{"taxonomy":"category","embeddable":true,"href":"http:\/\/www.primeranota.cl\/web\/wp-json\/wp\/v2\/categories?post=8712"},{"taxonomy":"post_tag","embeddable":true,"href":"http:\/\/www.primeranota.cl\/web\/wp-json\/wp\/v2\/tags?post=8712"}],"curies":[{"name":"wp","href":"https:\/\/api.w.org\/{rel}","templated":true}]}}