{"id":8744,"date":"2019-07-09T08:06:57","date_gmt":"2019-07-09T12:06:57","guid":{"rendered":"http:\/\/www.primeranota.cl\/web\/?p=8744"},"modified":"2019-07-09T08:06:57","modified_gmt":"2019-07-09T12:06:57","slug":"gobierno-condonora-deudas-tributarias-a-victimas-de-violencia-rural","status":"publish","type":"post","link":"http:\/\/www.primeranota.cl\/web\/pais\/gobierno-condonora-deudas-tributarias-a-victimas-de-violencia-rural\/","title":{"rendered":"Gobierno condonor\u00e1 deudas tributarias a v\u00edctimas de violencia rural"},"content":{"rendered":"<p>Los\u00a0<strong>ministros de Hacienda, Felipe Larra\u00edn; de Interior, Andr\u00e9s Chadwick; y de Desarrollo Social, Sebasti\u00e1n Sichel,<\/strong>\u00a0anunciaron condonaci\u00f3n de deudas tributarias y de contribuciones -hasta el 100%-\u00a0a v\u00edctimas de violencia rural<\/p>\n<p>De acuerdo al titular de Hacienda,<strong>\u00a0las v\u00edctimas que ser\u00e1n beneficiadas son todas aquellas que figuran en el catastro de violencia rural que administra el Ministerio del Interior y donde est\u00e1n registrados los casos de personas naturales o jur\u00eddicas.\u00a0<\/strong><\/p>\n<p>Seg\u00fan los datos, cerca del 90% de los casos est\u00e1n en la Araucan\u00eda, pero tambi\u00e9n las hay en la Regi\u00f3n del Biob\u00edo, particularmente en la Provincia de Arauco, y algunos en la Regi\u00f3n de Los R\u00edos.<\/p>\n<p>El secretario de Estado a\u00f1adi\u00f3 que para acceder a este beneficio las personas deben estar acreditadas en este registro de violencia hasta el 30 de junio reci\u00e9n pasado, y acercarse a una oficina de la Tesorer\u00eda General de la Rep\u00fablica.<\/p>\n<p>De esta forma, dijo, se podr\u00e1 activar este beneficio durante los pr\u00f3ximos seis meses.<\/p>\n<p>Otra condici\u00f3n es que deben ser personas que no tengan juicios pendientes ni problemas con el Servicio de Impuestos Internos, excepto el atraso de estas deudas.<\/p>\n<p><strong>\u201cHay personas, pymes y emprendedores que han sido v\u00edctimas de violencia, lo que les ha ocasionado da\u00f1os no solo personales, sino da\u00f1os materiales que les dificultan mucho su desarrollo.<\/strong>\u00a0El gobierno del Presidente Pi\u00f1era quiere dar este beneficio como una se\u00f1al concreta de que vamos a estar del lado de aquellas personas que han sido v\u00edctimas de violencia. Las v\u00edctimas est\u00e1n primero\u201d, precis\u00f3 Felipe Larra\u00edn.<\/p>\n<h3>DENUNCIA<\/h3>\n<p>Por su parte, el ministro Chadwick precis\u00f3 que para estar en este registro las personas deben haber realizado la denuncia pertinente a Carabineros, la PDI o la Fiscal\u00eda, y que hayan sufrido un acto de violencia, ya sea ellos mismos, sus bienes o propiedades.<\/p>\n<p>El titular del Interior sostuvo que parte de los rubros que se pueden ver beneficiados con esta medida son el forestal y el transporte.<\/p>\n<p>En tanto, el titular de Desarrollo Social agreg\u00f3 que esta medida es fruto de conversaciones con los parlamentarios de las regiones beneficiadas.<\/p>\n<p><strong>\u201cHemos acogido la demanda de v\u00edctimas que han visto mermada su capacidad productiva, su capacidad para producir, al condonar estas multas e intereses tributarios\u201d,<\/strong>\u00a0dijo Sichel.<\/p>\n","protected":false},"excerpt":{"rendered":"<p>Los\u00a0ministros de Hacienda, Felipe Larra\u00edn; de Interior, Andr\u00e9s Chadwick; y de Desarrollo Social, Sebasti\u00e1n Sichel,\u00a0anunciaron condonaci\u00f3n de deudas tributarias y de contribuciones -hasta el 100%-\u00a0a&#8230;<\/p>\n","protected":false},"author":2,"featured_media":1918,"comment_status":"closed","ping_status":"open","sticky":false,"template":"","format":"standard","meta":{"footnotes":""},"categories":[4,267],"tags":[],"_links":{"self":[{"href":"http:\/\/www.primeranota.cl\/web\/wp-json\/wp\/v2\/posts\/8744"}],"collection":[{"href":"http:\/\/www.primeranota.cl\/web\/wp-json\/wp\/v2\/posts"}],"about":[{"href":"http:\/\/www.primeranota.cl\/web\/wp-json\/wp\/v2\/types\/post"}],"author":[{"embeddable":true,"href":"http:\/\/www.primeranota.cl\/web\/wp-json\/wp\/v2\/users\/2"}],"replies":[{"embeddable":true,"href":"http:\/\/www.primeranota.cl\/web\/wp-json\/wp\/v2\/comments?post=8744"}],"version-history":[{"count":1,"href":"http:\/\/www.primeranota.cl\/web\/wp-json\/wp\/v2\/posts\/8744\/revisions"}],"predecessor-version":[{"id":8745,"href":"http:\/\/www.primeranota.cl\/web\/wp-json\/wp\/v2\/posts\/8744\/revisions\/8745"}],"wp:featuredmedia":[{"embeddable":true,"href":"http:\/\/www.primeranota.cl\/web\/wp-json\/wp\/v2\/media\/1918"}],"wp:attachment":[{"href":"http:\/\/www.primeranota.cl\/web\/wp-json\/wp\/v2\/media?parent=8744"}],"wp:term":[{"taxonomy":"category","embeddable":true,"href":"http:\/\/www.primeranota.cl\/web\/wp-json\/wp\/v2\/categories?post=8744"},{"taxonomy":"post_tag","embeddable":true,"href":"http:\/\/www.primeranota.cl\/web\/wp-json\/wp\/v2\/tags?post=8744"}],"curies":[{"name":"wp","href":"https:\/\/api.w.org\/{rel}","templated":true}]}}