{"id":875,"date":"2018-07-12T13:09:43","date_gmt":"2018-07-12T17:09:43","guid":{"rendered":"http:\/\/www.primeranota.cl\/web\/?p=875"},"modified":"2018-07-18T14:38:37","modified_gmt":"2018-07-18T18:38:37","slug":"henry-leal-mi-rol-es-de-supervigilancia-de-fiscalizacion-y-voy-a-ejercer-esa-funcion","status":"publish","type":"post","link":"http:\/\/www.primeranota.cl\/web\/entrevistas\/henry-leal-mi-rol-es-de-supervigilancia-de-fiscalizacion-y-voy-a-ejercer-esa-funcion\/","title":{"rendered":"Henry Leal: \u201cMi rol es de supervigilancia, de fiscalizaci\u00f3n y voy a ejercer esa funci\u00f3n\u201d"},"content":{"rendered":"<p><em><strong>Henry Leal Bizama, es el \u00fanico Seremi del actual gabinete regional de La Araucan\u00eda, que cuenta con un historial pol\u00edtico eleccionario. Despu\u00e9s de ser consejero regional con la mayor votaci\u00f3n de Caut\u00edn sur el a\u00f1o 2013, en la \u00faltima elecci\u00f3n parlamentaria a pesar de ser dado por todos lo medios como diputado electo, el sistema electoral proporcional lo dejo fuera. Hoy en su calidad de seremi disfruta su trabajo, se entusiasma con las soluciones para la regi\u00f3n y espera mejorar la evaluaci\u00f3n que la poblaci\u00f3n tiene del servicio que conduce y sus direcciones, anunciando mano dura con las faltas a la probidad.<\/strong><\/em><br \/>\nDestaca las inversiones m\u00e1s importantes del MOP para el presente a\u00f1o y espera que la pr\u00f3xima semana en su visita a La Araucan\u00eda, el Subsecretario de la cartera entregue anuncios sobre el tan necesario puente mecano entre Temuco y Padre Las Casas.<br \/>\nSeremi ya lleva tres meses en el cargo, este es un proceso de instalaci\u00f3n. <strong>\u00bf hoy se siente empoderado en su funci\u00f3n?<\/strong><br \/>\n<em>Despu\u00e9s de tres meses uno no puede echarle la culpa al gobierno anterior, cuando uno asume un cargo lo debe hacer con las cosas buenas y las cosas malas que esto trae. Hoy tenemos ya a todos nuestros directores regionales de confianza nombrados, as\u00ed que solo hay que trabajar para poder mostrar resultados y lograr lo que estamos planificando.<\/em><br \/>\nEn marzo, una vez que asume el gobierno y su nombre se instala como posible carta para la seremi de obras p\u00fablicas, se gener\u00f3 un escenario pol\u00edtico complejo al interior de su coalici\u00f3n. <strong>\u00bfDespu\u00e9s de su nombramiento, se superaron las diferencias pol\u00edticas?<\/strong><br \/>\n<em>Todo superado, nada pendiente, hoy estamos trabajando unidos y coordinadamente, todo el gabinete, con un liderazgo claro que es nuestro intendente Luis Mayol, con quien adem\u00e1s en lo humano me llevo muy bien.<\/em><br \/>\nSu territorio natural es La Araucan\u00eda Costa, usted ha representado pol\u00edticamente a esta zona. <strong>\u00bfC\u00f3mo maneja la equidad regional siendo tan cercano a un sector particular de la regi\u00f3n?<\/strong><br \/>\n<em>Toda mi vida he vivido en Carahue, pero mi deber de responsabilidad es con la regi\u00f3n, Malleco y Caut\u00edn, claro que me gustar\u00eda hacer mucho m\u00e1s, pero hay una gran responsabilidad y la inversi\u00f3n debe ser equitativa. La costa es una zona que no cuenta con pr\u00e1cticamente nada de inversi\u00f3n privada, por lo mismo la inversi\u00f3n p\u00fablica es muy necesaria, existe un tremendo desaf\u00edo en esta zona que est\u00e1 declarada como zona de rezago por el Estado y por lo mismo, tenemos un plan ambicioso para la regi\u00f3n, pero especialmente para la costa.<\/em><br \/>\nEn relaci\u00f3n al plan de la Seremi de obras p\u00fablicas. <strong>\u00bfCu\u00e1les son las prioridades de inversi\u00f3n y las metas definidas para la regi\u00f3n?<\/strong><br \/>\n<em>En el marco del plan impulsa Araucan\u00eda existen prioridades definidas, especialmente en materia de caminos y espec\u00edficamente en caminos ind\u00edgenas. Queremos mejorar el est\u00e1ndar de calidad de estos y pasar de la huella y el barro a un camino de un ripio chancado, tenemos una meta que hemos coordinado con el intendente y el subsecretario de obras p\u00fablicas, que es aumentar en un 50 % lo que se hizo en los \u00faltimos cuatro a\u00f1os, es decir de 1.900 kil\u00f3metros aumentar a 3 mil en los pr\u00f3ximos cuatro a\u00f1os en caminos ind\u00edgenas. En general queremos avanzar en asfalto b\u00e1sico, queremos mejorar nuestros caminos, la realidad es que tenemos un 7% de caminos con asfalto y la media nacional es de 25%, o sea estamos muy por debajo como regi\u00f3n.<\/em><br \/>\n<em>En relaci\u00f3n a las obras de carreteras, esperamos concretar el tramo Melipeuco- Icalma con una inversi\u00f3n de 10 mil millones, estamos licitando Caburgua norte por 14 mil millones, la ruta Curacaut\u00edn &#8211; Malalcahuello, queremos mejorarla con una tercera pista, con una inversi\u00f3n de 10 mil millones. Estamos trabajando en los dise\u00f1os, de las conocidas lamentablemente como rutas de la muerte; Temuco-Cunco, Cholchol-Temuco y Curacaut\u00edn-Victoria con el fin de hacerlas m\u00e1s seguras. Estamos por especial mandato de nuestras autoridades trabajando en la carretera Freire-Villarrica-Puc\u00f3n, se est\u00e1 desarrollando el proceso de consulta ind\u00edgena y esperamos concretar la obra en el a\u00f1o 2020, est\u00e1 se construir\u00e1 con capitales privados a trav\u00e9s de una concesi\u00f3n a una empresa con la que estamos trabajando. Esto entre muchas otras obras de envergadura y de gran importancia para la regi\u00f3n.<\/em><br \/>\nEn los \u00faltimos d\u00edas, se le ha visto en diferentes medios de comunicaci\u00f3n informando respecto de decisiones administrativas que afectan a funcionarios del MOP, en casos vinculados a falta de probidad. <strong>\u00bfEste ser\u00e1 el estilo que marcar\u00e1 el seremi de obras p\u00fablicas en su funci\u00f3n?<\/strong><br \/>\n<em>Yo asum\u00ed hace tres meses, por lo tanto todos los contratos vigentes hoy se firmaron hace un a\u00f1o, como seremi no intervengo en los procesos administrativos, eso le corresponde a las direcciones regionales, yo soy la figura pol\u00edtica, las licitaciones las ve cada director regional, yo solo dicto la resoluci\u00f3n que aprueba los contratos. Mi rol es de supervigilancia, de fiscalizaci\u00f3n y voy a ejercer esa funci\u00f3n y ya hemos dado muestras de eso, vamos a tener tolerancia cero con faltas de probidad y seremos inflexibles en esta materia.<\/em><br \/>\nSon muchos los rumores que existen de irregularidades, en el ministerio de obras p\u00fablica y en sus direcciones regionales, como vialidad, direcci\u00f3n de obras hidr\u00e1ulicas. <strong>\u00bfSe hace cargo de esta imagen p\u00fablica de la instituci\u00f3n?<\/strong><br \/>\n<em>En el ministerio son cerca de mil funcionarios, de las diferentes direcciones, entre choferes, operadores de maquinaria, secretarias, funcionarios de pasos fronterizos y son trabajadores de primera, personas honradas y correctas. Son casos puntuales los que han afectado la imagen del ministerio de obras p\u00fablicas en la regi\u00f3n. Y esos casos los vamos a investigar, como autoridad responsable tengo que seguir los caminos administrativos, no hacer denuncias en la prensa, sino en los canales que corresponde, instruir sumarios administrativos o si es demasiado grave denunciar al ministerio p\u00fablico, eso es lo que yo voy hacer y no me voy a perder ni un minuto, nosotros tenemos que hacer obras que dejen a la gente conforme y cautelar el buen uso de los recursos.<\/em><br \/>\nUsted fue consejero regional, desarrollando generalmente su trabajo en sesiones en Temuco y con la representaci\u00f3n de un territorio muy definido. <strong>\u00bfC\u00f3mo ha llevado su vida privada desde que asume un cargo de responsabilidad regional?<\/strong><br \/>\n<em>Desde que asum\u00ed, he descansado un domingo cada 15 d\u00edas, pero es necesario mantenerme en terreno, no es lo mismo que veas una carta que env\u00edan los dirigentes a poder estar en los lugares en que nos necesitan, te permite sensibilizarte de un modo distinto y puedes dar soluciones r\u00e1pidas, yo por agenda tengo cuatro d\u00edas completos de terreno, adem\u00e1s de los s\u00e1bados. El mandato del ministro es que nuestra oficina es la calle, es la \u00fanica manera, es mi forma de fiscalizar, si me encierro nunca voy a saber qu\u00e9 pasa con nuestra obras.<\/em><\/p>\n","protected":false},"excerpt":{"rendered":"<p>Henry Leal Bizama, es el \u00fanico Seremi del actual gabinete regional de La Araucan\u00eda, que cuenta con un historial pol\u00edtico eleccionario. Despu\u00e9s de ser consejero&#8230;<\/p>\n","protected":false},"author":2,"featured_media":894,"comment_status":"closed","ping_status":"open","sticky":false,"template":"","format":"standard","meta":{"footnotes":""},"categories":[255,267],"tags":[],"_links":{"self":[{"href":"http:\/\/www.primeranota.cl\/web\/wp-json\/wp\/v2\/posts\/875"}],"collection":[{"href":"http:\/\/www.primeranota.cl\/web\/wp-json\/wp\/v2\/posts"}],"about":[{"href":"http:\/\/www.primeranota.cl\/web\/wp-json\/wp\/v2\/types\/post"}],"author":[{"embeddable":true,"href":"http:\/\/www.primeranota.cl\/web\/wp-json\/wp\/v2\/users\/2"}],"replies":[{"embeddable":true,"href":"http:\/\/www.primeranota.cl\/web\/wp-json\/wp\/v2\/comments?post=875"}],"version-history":[{"count":2,"href":"http:\/\/www.primeranota.cl\/web\/wp-json\/wp\/v2\/posts\/875\/revisions"}],"predecessor-version":[{"id":1080,"href":"http:\/\/www.primeranota.cl\/web\/wp-json\/wp\/v2\/posts\/875\/revisions\/1080"}],"wp:featuredmedia":[{"embeddable":true,"href":"http:\/\/www.primeranota.cl\/web\/wp-json\/wp\/v2\/media\/894"}],"wp:attachment":[{"href":"http:\/\/www.primeranota.cl\/web\/wp-json\/wp\/v2\/media?parent=875"}],"wp:term":[{"taxonomy":"category","embeddable":true,"href":"http:\/\/www.primeranota.cl\/web\/wp-json\/wp\/v2\/categories?post=875"},{"taxonomy":"post_tag","embeddable":true,"href":"http:\/\/www.primeranota.cl\/web\/wp-json\/wp\/v2\/tags?post=875"}],"curies":[{"name":"wp","href":"https:\/\/api.w.org\/{rel}","templated":true}]}}