{"id":8756,"date":"2019-07-10T07:47:58","date_gmt":"2019-07-10T11:47:58","guid":{"rendered":"http:\/\/www.primeranota.cl\/web\/?p=8756"},"modified":"2019-07-10T07:47:58","modified_gmt":"2019-07-10T11:47:58","slug":"comenzo-la-huelga-de-trabajadores-de-walmart","status":"publish","type":"post","link":"http:\/\/www.primeranota.cl\/web\/pais\/comenzo-la-huelga-de-trabajadores-de-walmart\/","title":{"rendered":"Comenz\u00f3 la huelga de trabajadores de Walmart"},"content":{"rendered":"<p><strong>Este mi\u00e9rcoles, a las 00:00 horas, comenz\u00f3 la huelga de trabajadores del Sindicato Interempresa L\u00edder (SIL) de Trabajadores de Walmart Chile<\/strong>\u00a0<a href=\"https:\/\/www.cooperativa.cl\/noticias\/pais\/trabajo\/negociaciones-colectivas\/sindicato-rechazo-propuesta-de-walmart-huelga-comienza-este-miercoles\/2019-07-09\/180546.html\" target=\"_blank\" rel=\"noopener noreferrer\">tras fracasar las negociaciones con la empresa<\/a>, a trav\u00e9s de la mediaci\u00f3n de la Direcci\u00f3n del Trabajo (DT).<\/p>\n<p>De acuerdo a la \u00faltima votaci\u00f3n, sobre un 90 por ciento de los trabajadores del sindicato,\u00a0<strong>uno de los m\u00e1s grandes del sector privado en el pa\u00eds con cerca de 17 mil trabajadores a nivel nacional<\/strong>, adhirieron a la paralizaci\u00f3n.<\/p>\n<p>&#8220;Nosotros\u00a0<strong>estamos contabilizando m\u00e1s de 130 locales (que se mantendr\u00e1n) cerrados<\/strong>\u00a0y, adem\u00e1s,\u00a0<strong>m\u00e1s de un centenar que va a andar a media m\u00e1quina<\/strong>, o sea, que van a abrir medio d\u00eda, en la tarde o en la ma\u00f1ana&#8221;, confirm\u00f3 el presidente del sindicato,\u00a0<strong>Juan Moreno<\/strong>, a\u00a0<strong>Cooperativa<\/strong>.<\/p>\n<p>Las sucursales afectadas son\u00a0<strong>Central Mayorista, Superbodega Acuenta, Econo, Hiper L\u00edder y Express de L\u00edder<\/strong>.<\/p>\n","protected":false},"excerpt":{"rendered":"<p>Este mi\u00e9rcoles, a las 00:00 horas, comenz\u00f3 la huelga de trabajadores del Sindicato Interempresa L\u00edder (SIL) de Trabajadores de Walmart Chile\u00a0tras fracasar las negociaciones con&#8230;<\/p>\n","protected":false},"author":2,"featured_media":8757,"comment_status":"closed","ping_status":"open","sticky":false,"template":"","format":"standard","meta":{"footnotes":""},"categories":[4,267],"tags":[],"_links":{"self":[{"href":"http:\/\/www.primeranota.cl\/web\/wp-json\/wp\/v2\/posts\/8756"}],"collection":[{"href":"http:\/\/www.primeranota.cl\/web\/wp-json\/wp\/v2\/posts"}],"about":[{"href":"http:\/\/www.primeranota.cl\/web\/wp-json\/wp\/v2\/types\/post"}],"author":[{"embeddable":true,"href":"http:\/\/www.primeranota.cl\/web\/wp-json\/wp\/v2\/users\/2"}],"replies":[{"embeddable":true,"href":"http:\/\/www.primeranota.cl\/web\/wp-json\/wp\/v2\/comments?post=8756"}],"version-history":[{"count":1,"href":"http:\/\/www.primeranota.cl\/web\/wp-json\/wp\/v2\/posts\/8756\/revisions"}],"predecessor-version":[{"id":8758,"href":"http:\/\/www.primeranota.cl\/web\/wp-json\/wp\/v2\/posts\/8756\/revisions\/8758"}],"wp:featuredmedia":[{"embeddable":true,"href":"http:\/\/www.primeranota.cl\/web\/wp-json\/wp\/v2\/media\/8757"}],"wp:attachment":[{"href":"http:\/\/www.primeranota.cl\/web\/wp-json\/wp\/v2\/media?parent=8756"}],"wp:term":[{"taxonomy":"category","embeddable":true,"href":"http:\/\/www.primeranota.cl\/web\/wp-json\/wp\/v2\/categories?post=8756"},{"taxonomy":"post_tag","embeddable":true,"href":"http:\/\/www.primeranota.cl\/web\/wp-json\/wp\/v2\/tags?post=8756"}],"curies":[{"name":"wp","href":"https:\/\/api.w.org\/{rel}","templated":true}]}}