{"id":8786,"date":"2019-07-11T07:25:50","date_gmt":"2019-07-11T11:25:50","guid":{"rendered":"http:\/\/www.primeranota.cl\/web\/?p=8786"},"modified":"2019-07-11T07:25:50","modified_gmt":"2019-07-11T11:25:50","slug":"suprema-rechazo-recurso-que-pedia-la-libertad-del-general-r-humberto-oviedo","status":"publish","type":"post","link":"http:\/\/www.primeranota.cl\/web\/pais\/suprema-rechazo-recurso-que-pedia-la-libertad-del-general-r-humberto-oviedo\/","title":{"rendered":"Suprema rechaz\u00f3 recurso que ped\u00eda la libertad del general (r) Humberto Oviedo"},"content":{"rendered":"<p>Por\u00a0<strong>cinco\u00a0<\/strong>votos contra\u00a0<strong>uno\u00a0<\/strong>la<strong>\u00a0Corte Suprema rechaz\u00f3\u00a0<\/strong>el recurso de amparo presentado por la defensa del\u00a0excomandante en jefe del Ej\u00e9rcito,\u00a0<strong>Humberto Oviedo<\/strong>, que ped\u00eda su\u00a0<strong>libertad<\/strong>.<\/p>\n<div class=\"teads-inread\">\n<div><\/div>\n<\/div>\n<p>Asimismo, el\u00a0<strong>recurso\u00a0<\/strong>presentado ya se hab\u00eda\u00a0<strong>anulado\u00a0<\/strong>el pasado mi\u00e9rcoles 5 de julio por\u00a0la Corte Marcial, por lo que se\u00a0<strong>contin\u00faa el proceso<\/strong>\u00a0en su contra por\u00a0<strong>malversaci\u00f3n de $4.596 millones de gastos reservados en la instituci\u00f3n<\/strong>.<\/p>\n<p>La decisi\u00f3n de la Corte Marcial se produce en medio de la pol\u00e9mica provocada por el Tribunal Constitucional, que declar\u00f3 que la\u00a0<a href=\"https:\/\/www.adnradio.cl\/noticias\/nacional\/jueza-rutherford-pidio-mas-antecedentes-al-tc-por-la-suspension-de-la-investigacion-de-oviedo\/20190708\/nota\/3924616.aspx\" target=\"_blank\" rel=\"noopener noreferrer\"><strong>ministra Romy Rutheford\u00a0<\/strong>est\u00e1\u00a0<strong>impedida\u00a0<\/strong>de\u00a0<strong>investigar\u00a0<\/strong>al general (r) Oviedo en toda la causa del fraude en el Ej\u00e9rcito y no solo en la arista Empresas de Turismo<\/a>.<\/p>\n","protected":false},"excerpt":{"rendered":"<p>Por\u00a0cinco\u00a0votos contra\u00a0uno\u00a0la\u00a0Corte Suprema rechaz\u00f3\u00a0el recurso de amparo presentado por la defensa del\u00a0excomandante en jefe del Ej\u00e9rcito,\u00a0Humberto Oviedo, que ped\u00eda su\u00a0libertad. Asimismo, el\u00a0recurso\u00a0presentado ya se hab\u00eda\u00a0anulado\u00a0el&#8230;<\/p>\n","protected":false},"author":2,"featured_media":8482,"comment_status":"closed","ping_status":"open","sticky":false,"template":"","format":"standard","meta":{"footnotes":""},"categories":[4,267],"tags":[],"_links":{"self":[{"href":"http:\/\/www.primeranota.cl\/web\/wp-json\/wp\/v2\/posts\/8786"}],"collection":[{"href":"http:\/\/www.primeranota.cl\/web\/wp-json\/wp\/v2\/posts"}],"about":[{"href":"http:\/\/www.primeranota.cl\/web\/wp-json\/wp\/v2\/types\/post"}],"author":[{"embeddable":true,"href":"http:\/\/www.primeranota.cl\/web\/wp-json\/wp\/v2\/users\/2"}],"replies":[{"embeddable":true,"href":"http:\/\/www.primeranota.cl\/web\/wp-json\/wp\/v2\/comments?post=8786"}],"version-history":[{"count":1,"href":"http:\/\/www.primeranota.cl\/web\/wp-json\/wp\/v2\/posts\/8786\/revisions"}],"predecessor-version":[{"id":8787,"href":"http:\/\/www.primeranota.cl\/web\/wp-json\/wp\/v2\/posts\/8786\/revisions\/8787"}],"wp:featuredmedia":[{"embeddable":true,"href":"http:\/\/www.primeranota.cl\/web\/wp-json\/wp\/v2\/media\/8482"}],"wp:attachment":[{"href":"http:\/\/www.primeranota.cl\/web\/wp-json\/wp\/v2\/media?parent=8786"}],"wp:term":[{"taxonomy":"category","embeddable":true,"href":"http:\/\/www.primeranota.cl\/web\/wp-json\/wp\/v2\/categories?post=8786"},{"taxonomy":"post_tag","embeddable":true,"href":"http:\/\/www.primeranota.cl\/web\/wp-json\/wp\/v2\/tags?post=8786"}],"curies":[{"name":"wp","href":"https:\/\/api.w.org\/{rel}","templated":true}]}}