{"id":8802,"date":"2019-07-12T08:25:37","date_gmt":"2019-07-12T12:25:37","guid":{"rendered":"http:\/\/www.primeranota.cl\/web\/?p=8802"},"modified":"2019-07-12T08:25:37","modified_gmt":"2019-07-12T12:25:37","slug":"senadores-dc-piden-crear-mecanismo-de-remocion-de-ministros","status":"publish","type":"post","link":"http:\/\/www.primeranota.cl\/web\/pais\/senadores-dc-piden-crear-mecanismo-de-remocion-de-ministros\/","title":{"rendered":"Senadores DC piden crear mecanismo de remoci\u00f3n de ministros"},"content":{"rendered":"<p>Mientras en la C\u00e1mara de Diputados se comenzar\u00e1 a discutir en particular la\u00a0<strong>reforma al Tribunal Constitucional<\/strong>\u00a0-luego de que la Comisi\u00f3n de Constituci\u00f3n aprobara el mi\u00e9rcoles de la semana pasada la idea de legislar-,\u00a0<strong>senadores de oposici\u00f3n ya empezaron a elaborar sus propias propuestas<\/strong>.<\/p>\n<p>As\u00ed lo revela una minuta del comit\u00e9 de la\u00a0<strong>Democracia Cristiana<\/strong>, donde, a diferencia de las mociones parlamentarias de la C\u00e1mara Baja, proponen reformar la atribuci\u00f3n del organismo para resolver los recursos de inaplicabilidad por inconstitucionalidad. Seg\u00fan el documento, \u201cla inaplicabilidad ha terminado convirti\u00e9ndose en lo que m\u00e1s hace el tribunal (\u2026). Creemos que esta facultad puede mejorarse creando mecanismos de di\u00e1logo entre el TC y el Congreso Nacional\u201d.<\/p>\n<p>Al respecto, en la C\u00e1mara explican que si bien esa atribuci\u00f3n del organismo -la inaplicabilidad- no es parte del refundido de mociones, sin duda, aparecer\u00e1 durante el debate. En la materia hay opiniones divididas tanto entre los parlamentarios como entre los distintos expertos que asistieron a la comisi\u00f3n a abordar el rol del Tribunal Constitucional.<\/p>\n<div class=\"single-oferta-contenidos\">\n<p>Los planteamientos de la DC tienen similitudes con los de los diputados. De hecho, el texto de los democratacristianos plantea, al igual que en la C\u00e1mara, que <strong>\u201cel control preventivo obligatorio est\u00e1 asociado a las leyes org\u00e1nicas constitucionales (LOC). Consideramos que hay que eliminar esta facultad<\/strong>, porque ella se asocia a un control abstracto que impide ver eventuales inconstitucionalidades. Se dise\u00f1\u00f3 cuando no hab\u00eda una inaplicabilidad eficaz de cargo de la Corte Suprema\u201d.<\/p>\n<\/div>\n<p>Adem\u00e1s, suman a la discusi\u00f3n la fiscalizaci\u00f3n de los miembros del TC y plantean que debe existir un mecanismo de remoci\u00f3n en caso de que no cumplan con sus responsabilidades. \u201cLos ministros del Tribunal Constitucional est\u00e1n al margen en la actualidad de alg\u00fan mecanismo de remoci\u00f3n. Creemos que es indispensable revertir esta situaci\u00f3n\u201d, se se\u00f1ala, mencionando como alternativa la acusaci\u00f3n constitucional.<\/p>\n<p>Adem\u00e1s, en la minuta de los senadores se plantea que sea el Congreso pleno el cual designe a todos los miembros del tribunal y tambi\u00e9n cambiar el n\u00famero de integrantes, desde los actuales 10, a uno impar, para evitar el pol\u00e9mico voto dirimente que ejerce el presidente del organismo en casos de empate.<\/p>\n<p>Seg\u00fan el documento, los planteamientos est\u00e1n hechos en base a \u201cun di\u00e1logo abierto y transversal, que ha recogido la opini\u00f3n de expertos constitucionalistas, parlamentarios de todos los sectores y representantes de la sociedad civil\u201d.<\/p>\n<p>En paralelo, el senador PPD y presidente de la Comisi\u00f3n de Constituci\u00f3n, Felipe Harboe, exigi\u00f3 al Ejecutivo cumplir los plazos acordados, y se\u00f1al\u00f3 que si el gobierno no respeta el compromiso de ingresar un proyecto este semestre, \u00e9l pondr\u00e1 en tabla otras iniciativas que est\u00e1n en la comisi\u00f3n.<\/p>\n<p>\u201cEl gobierno se comprometi\u00f3 a que entre julio y septiembre ingresar\u00eda un proyecto de reforma. Si no cumplen el compromiso, lo que vamos a hacer es poner en tabla los proyectos de reforma al TC que hoy tenemos en discusi\u00f3n y vamos a avanzar independiente de lo que el gobierno diga\u201d, afirm\u00f3.<\/p>\n","protected":false},"excerpt":{"rendered":"<p>Mientras en la C\u00e1mara de Diputados se comenzar\u00e1 a discutir en particular la\u00a0reforma al Tribunal Constitucional\u00a0-luego de que la Comisi\u00f3n de Constituci\u00f3n aprobara el mi\u00e9rcoles&#8230;<\/p>\n","protected":false},"author":2,"featured_media":7209,"comment_status":"closed","ping_status":"open","sticky":false,"template":"","format":"standard","meta":{"footnotes":""},"categories":[4,267],"tags":[],"_links":{"self":[{"href":"http:\/\/www.primeranota.cl\/web\/wp-json\/wp\/v2\/posts\/8802"}],"collection":[{"href":"http:\/\/www.primeranota.cl\/web\/wp-json\/wp\/v2\/posts"}],"about":[{"href":"http:\/\/www.primeranota.cl\/web\/wp-json\/wp\/v2\/types\/post"}],"author":[{"embeddable":true,"href":"http:\/\/www.primeranota.cl\/web\/wp-json\/wp\/v2\/users\/2"}],"replies":[{"embeddable":true,"href":"http:\/\/www.primeranota.cl\/web\/wp-json\/wp\/v2\/comments?post=8802"}],"version-history":[{"count":1,"href":"http:\/\/www.primeranota.cl\/web\/wp-json\/wp\/v2\/posts\/8802\/revisions"}],"predecessor-version":[{"id":8803,"href":"http:\/\/www.primeranota.cl\/web\/wp-json\/wp\/v2\/posts\/8802\/revisions\/8803"}],"wp:featuredmedia":[{"embeddable":true,"href":"http:\/\/www.primeranota.cl\/web\/wp-json\/wp\/v2\/media\/7209"}],"wp:attachment":[{"href":"http:\/\/www.primeranota.cl\/web\/wp-json\/wp\/v2\/media?parent=8802"}],"wp:term":[{"taxonomy":"category","embeddable":true,"href":"http:\/\/www.primeranota.cl\/web\/wp-json\/wp\/v2\/categories?post=8802"},{"taxonomy":"post_tag","embeddable":true,"href":"http:\/\/www.primeranota.cl\/web\/wp-json\/wp\/v2\/tags?post=8802"}],"curies":[{"name":"wp","href":"https:\/\/api.w.org\/{rel}","templated":true}]}}