{"id":8804,"date":"2019-07-12T08:30:17","date_gmt":"2019-07-12T12:30:17","guid":{"rendered":"http:\/\/www.primeranota.cl\/web\/?p=8804"},"modified":"2019-07-12T08:30:17","modified_gmt":"2019-07-12T12:30:17","slug":"presidente-pinera-nombra-a-nuevos-subsecretarios-tras-renuncias","status":"publish","type":"post","link":"http:\/\/www.primeranota.cl\/web\/pais\/presidente-pinera-nombra-a-nuevos-subsecretarios-tras-renuncias\/","title":{"rendered":"Presidente Pi\u00f1era nombra a nuevos subsecretarios tras renuncias"},"content":{"rendered":"<p>El presidente Sebasti\u00e1n Pi\u00f1era dio a conocer los nombres de quienes reemplazar\u00e1n a\u00a0<strong>Luis Castillo<\/strong>\u00a0y\u00a0<strong>Eduardo Riquelme<\/strong>\u00a0en las subsecretar\u00edas de Redes Asistenciales y de Pesca y Acuicultura, respectivamente.<\/p>\n<p>En el cargo que ocupaba Castillo asume\u00a0<strong>Arturo Z\u00fa\u00f1iga Jory<\/strong>, ingeniero comercial que se desempe\u00f1aba como gerente comercial en la\u00a0<strong>Cl\u00ednica Universidad de los Andes<\/strong>.<\/p>\n<p>Adem\u00e1s, durante el primer gobierno de Pi\u00f1era, Z\u00fa\u00f1iga se desempe\u00f1\u00f3 como<strong>\u00a0jefe de gabinete del Ministerio de Salud<\/strong>, y previamente tuvo un paso por la direcci\u00f3n de salud municipal de Panguipulli.<\/p>\n<div>\n<div class=\"the-banner\">\n<div class=\"rtb_slot only-focus loaded\" data-adunit=\"div-gpt-ad-1526420604766-2-296360\" data-slot=\"\/138734942\/Turner-cnn-Teads\" data-dimensions=\"[300, 250]\">\n<div id=\"div-gpt-ad-1526420604766-2-296360\" data-google-query-id=\"CLH_oPGwr-MCFZcahwodHLEDaw\"><\/div>\n<\/div>\n<\/div>\n<\/div>\n<p>La salida de Castillo ocurre en medio de las cr\u00edticas que recibieron\u00a0<a href=\"https:\/\/www.cnnchile.com\/pais\/luis-castillo-pacientes-temprano-consultorios-elemento-reunion-social_20190711\/\">sus declaraciones en la radio Santa Mar\u00eda de Coyhaique<\/a>, donde se\u00f1al\u00f3 que los pacientes \u201csiempre quieren ir temprano a un consultorio. Algunos de ellos, una fracci\u00f3n de ellos, porque no solamente van a ver al m\u00e9dico sino que es un elemento social, de reuni\u00f3n social\u201d.<\/p>\n<p>En el puesto de Riquelme, quien hab\u00eda presentado su renuncia el martes 9 de julio pasado, llega\u00a0<strong>Rom\u00e1n Zelaya<\/strong>, abogado de la Universidad de Valpara\u00edso que actualmente se desempe\u00f1aba como jefe de la Divisi\u00f3n Jur\u00eddica de dicha subsecretar\u00eda.<\/p>\n","protected":false},"excerpt":{"rendered":"<p>El presidente Sebasti\u00e1n Pi\u00f1era dio a conocer los nombres de quienes reemplazar\u00e1n a\u00a0Luis Castillo\u00a0y\u00a0Eduardo Riquelme\u00a0en las subsecretar\u00edas de Redes Asistenciales y de Pesca y Acuicultura,&#8230;<\/p>\n","protected":false},"author":2,"featured_media":1471,"comment_status":"closed","ping_status":"open","sticky":false,"template":"","format":"standard","meta":{"footnotes":""},"categories":[4,267],"tags":[],"_links":{"self":[{"href":"http:\/\/www.primeranota.cl\/web\/wp-json\/wp\/v2\/posts\/8804"}],"collection":[{"href":"http:\/\/www.primeranota.cl\/web\/wp-json\/wp\/v2\/posts"}],"about":[{"href":"http:\/\/www.primeranota.cl\/web\/wp-json\/wp\/v2\/types\/post"}],"author":[{"embeddable":true,"href":"http:\/\/www.primeranota.cl\/web\/wp-json\/wp\/v2\/users\/2"}],"replies":[{"embeddable":true,"href":"http:\/\/www.primeranota.cl\/web\/wp-json\/wp\/v2\/comments?post=8804"}],"version-history":[{"count":1,"href":"http:\/\/www.primeranota.cl\/web\/wp-json\/wp\/v2\/posts\/8804\/revisions"}],"predecessor-version":[{"id":8805,"href":"http:\/\/www.primeranota.cl\/web\/wp-json\/wp\/v2\/posts\/8804\/revisions\/8805"}],"wp:featuredmedia":[{"embeddable":true,"href":"http:\/\/www.primeranota.cl\/web\/wp-json\/wp\/v2\/media\/1471"}],"wp:attachment":[{"href":"http:\/\/www.primeranota.cl\/web\/wp-json\/wp\/v2\/media?parent=8804"}],"wp:term":[{"taxonomy":"category","embeddable":true,"href":"http:\/\/www.primeranota.cl\/web\/wp-json\/wp\/v2\/categories?post=8804"},{"taxonomy":"post_tag","embeddable":true,"href":"http:\/\/www.primeranota.cl\/web\/wp-json\/wp\/v2\/tags?post=8804"}],"curies":[{"name":"wp","href":"https:\/\/api.w.org\/{rel}","templated":true}]}}