{"id":8829,"date":"2019-07-13T09:50:58","date_gmt":"2019-07-13T13:50:58","guid":{"rendered":"http:\/\/www.primeranota.cl\/web\/?p=8829"},"modified":"2019-07-13T09:50:58","modified_gmt":"2019-07-13T13:50:58","slug":"pinera-anuncia-suma-urgencia-a-proyecto-que-perfecciona-el-registro-de-ofensores-sexuales","status":"publish","type":"post","link":"http:\/\/www.primeranota.cl\/web\/pais\/pinera-anuncia-suma-urgencia-a-proyecto-que-perfecciona-el-registro-de-ofensores-sexuales\/","title":{"rendered":"Pi\u00f1era anuncia suma urgencia a proyecto que perfecciona el registro de ofensores sexuales"},"content":{"rendered":"<p>El Presidente Sebasti\u00e1n Pi\u00f1era promulg\u00f3 la <strong>ley de imprescriptibilidad de delitos sexuales, conocida como \u201cDerecho al tiempo\u201d<\/strong>\u00a0que establece que no se limitar\u00e1n los plazos para perseguir penalmente a quien cometa un delito de \u00edndole sexual contra un menor. Durante la ceremonia el Mandatario adem\u00e1s anunci\u00f3 que pondr\u00e1 suma urgencia al proyecto que\u00a0<strong>perfecciona registro de agresores sexuales<\/strong>.<\/p>\n<p>Esta \u00faltima iniciativa, que ya fue aprobada por la C\u00e1mara de Diputados en marzo pasado, establece, entre otros aspectos, el deber de los fiscales de solicitar siempre la pena de inhabilitaci\u00f3n absoluta perpetua para trabajar con menores de edad a quienes cometan delitos sexuales contra ellos.<\/p>\n<p><strong>\u201cChile tiene una deuda larga con la infancia\u201d<\/strong>, sostuvo el Mandatario durante la ceremonia realizada en La Moneda durante la ma\u00f1ana de este jueves ante la presencia de ministros, parlamentarios y representantes de organizaciones sociales como el m\u00e9dico James Hamilton -v\u00edctima de Fernando Karadima- y la psic\u00f3loga Vinka Jackson, quienes fueron promotores de la iniciativa y cuya labor fue reconocida por Pi\u00f1era quien les agradeci\u00f3 por \u201chacer avanzar a un pa\u00eds\u201d.<\/p>\n<div class=\"single-oferta-contenidos\">\n<p>Durante su intervenci\u00f3n, el Presidente agreg\u00f3 que <strong>\u201catreverse hablar es especialmente dif\u00edcil y m\u00e1s todav\u00eda cuando muchas veces deben enfrentar estructuras de poder que no comprenden correctamente y cu\u00e1l es su lealtad porque la misi\u00f3n y lealtad de esas organizaciones tiene que estar siempre con los ni\u00f1os abusados, con las v\u00edctimas abusadas y nunca con unba mala entendida protecci\u00f3n interna colectiva al interior de esas instituciones\u201d<\/strong>.<\/p>\n<\/div>\n<p>La ley\u00a0<strong>\u201cDerecho al tiempo\u201d\u00a0<\/strong>tambi\u00e9n declara la imprescriptibilidad de todas las acciones civiles \u201cde forma tal de perseguir tambi\u00e9n la responsabilidad de los c\u00f3mplices y de los encubridores\u201d, expres\u00f3 el Mandatario.<\/p>\n<p><strong>Seg\u00fan consign\u00f3\u00a0La Tercera, este proyecto\u00a0<a href=\"https:\/\/www.latercera.com\/nacional\/noticia\/entender-consiste-proyecto-declara-imprescriptibles-los-delitos-sexuales-menores\/726802\/\">fue aprobado despu\u00e9s de que la comisi\u00f3n mixta zanjara las diferencias entre ambas C\u00e1maras<\/a>: en concreto, se resolvi\u00f3 restar a la violaci\u00f3n con resultado de homicidio dentro del cat\u00e1logo de delitos declarados como imprescriptibles. Seg\u00fan se explic\u00f3, su eliminaci\u00f3n obedece a que, habiendo un homicidio de por medio, la v\u00edctima no podr\u00e1 hacer ejercicio de su derecho de reclamaci\u00f3n ante los tribunales de justicia<\/strong>.<\/p>\n<p>Pero un segundo punto gener\u00f3 m\u00e1s pol\u00e9mica. Y es que finalmente se determin\u00f3 que la\u00a0<strong>ley no se aplicar\u00eda de manera retroactiva<\/strong>. Si bien el fondo de la medida era compartido por el Senado, se indic\u00f3 que no es viable dada la necesidad de respetar el principio jur\u00eddico que rige al pa\u00eds en materia penal, que establece que las leyes comienzan a regir solo al momento de su entrada en vigencia oficial<\/p>\n","protected":false},"excerpt":{"rendered":"<p>El Presidente Sebasti\u00e1n Pi\u00f1era promulg\u00f3 la ley de imprescriptibilidad de delitos sexuales, conocida como \u201cDerecho al tiempo\u201d\u00a0que establece que no se limitar\u00e1n los plazos para&#8230;<\/p>\n","protected":false},"author":2,"featured_media":4972,"comment_status":"closed","ping_status":"open","sticky":false,"template":"","format":"standard","meta":{"footnotes":""},"categories":[4,267],"tags":[],"_links":{"self":[{"href":"http:\/\/www.primeranota.cl\/web\/wp-json\/wp\/v2\/posts\/8829"}],"collection":[{"href":"http:\/\/www.primeranota.cl\/web\/wp-json\/wp\/v2\/posts"}],"about":[{"href":"http:\/\/www.primeranota.cl\/web\/wp-json\/wp\/v2\/types\/post"}],"author":[{"embeddable":true,"href":"http:\/\/www.primeranota.cl\/web\/wp-json\/wp\/v2\/users\/2"}],"replies":[{"embeddable":true,"href":"http:\/\/www.primeranota.cl\/web\/wp-json\/wp\/v2\/comments?post=8829"}],"version-history":[{"count":1,"href":"http:\/\/www.primeranota.cl\/web\/wp-json\/wp\/v2\/posts\/8829\/revisions"}],"predecessor-version":[{"id":8830,"href":"http:\/\/www.primeranota.cl\/web\/wp-json\/wp\/v2\/posts\/8829\/revisions\/8830"}],"wp:featuredmedia":[{"embeddable":true,"href":"http:\/\/www.primeranota.cl\/web\/wp-json\/wp\/v2\/media\/4972"}],"wp:attachment":[{"href":"http:\/\/www.primeranota.cl\/web\/wp-json\/wp\/v2\/media?parent=8829"}],"wp:term":[{"taxonomy":"category","embeddable":true,"href":"http:\/\/www.primeranota.cl\/web\/wp-json\/wp\/v2\/categories?post=8829"},{"taxonomy":"post_tag","embeddable":true,"href":"http:\/\/www.primeranota.cl\/web\/wp-json\/wp\/v2\/tags?post=8829"}],"curies":[{"name":"wp","href":"https:\/\/api.w.org\/{rel}","templated":true}]}}