{"id":8848,"date":"2019-07-15T08:10:33","date_gmt":"2019-07-15T12:10:33","guid":{"rendered":"http:\/\/www.primeranota.cl\/web\/?p=8848"},"modified":"2019-07-15T08:10:33","modified_gmt":"2019-07-15T12:10:33","slug":"presidente-comision-de-defensa-de-la-camara-creo-que-el-mandatario-tiene-el-deber-de-cuidar-a-las-ff-aa-y-no-lo-esta-haciendo","status":"publish","type":"post","link":"http:\/\/www.primeranota.cl\/web\/pais\/presidente-comision-de-defensa-de-la-camara-creo-que-el-mandatario-tiene-el-deber-de-cuidar-a-las-ff-aa-y-no-lo-esta-haciendo\/","title":{"rendered":"Presidente Comisi\u00f3n de Defensa de la C\u00e1mara: &#8220;Creo que el Mandatario tiene el deber de cuidar a las FF.AA. y no lo est\u00e1 haciendo&#8221;"},"content":{"rendered":"<p><strong>Las confusiones del decreto reflejan el nivel de improvisaci\u00f3n del mismo\u201d.\u00a0<\/strong><\/p>\n<p>De esta manera\u00a0<strong>el presidente de la Comisi\u00f3n de Defensa de la C\u00e1mara, Jorge Brito (RD)<\/strong>, reaccion\u00f3 al decreto firmado el pasado martes por Sebasti\u00e1n Pi\u00f1era que\u00a0faculta a las FF.AA. a combatir el narcotr\u00e1fico y el crimen organizado en la frontera terrestre.<\/p>\n<p>El documento que el Ejecutivo envi\u00f3 a Contralor\u00eda -y cuyo contenido fue dado a conocer ayer por\u00a0<strong>La Tercera<\/strong>\u2013 establece\u00a0<a href=\"https:\/\/www.latercera.com\/politica\/noticia\/autonomia-comandantes-rol-clave-del-ministro-defensa-los-detalles-del-decreto-pinera-faculta-las-ff-aa-combatir-narcotrafico-la-frontera-terrestre\/737803\/\" target=\"_blank\" rel=\"noopener noreferrer\">autonom\u00eda para comandantes y un rol clave del ministro de Defensa, entre otros aspectos.\u00a0<\/a><\/p>\n<div class=\"single-oferta-contenidos\">\n<p>Consultado por este tema, el diputado afirm\u00f3 que <strong>\u201ccreo que el Presidente tiene el deber de cuidar a las FF.AA. y no lo est\u00e1 haciendo<\/strong>. No puede ser por querer subir en las encuestas se juegue con las FF.AA. y durante d\u00e9cadas las FF.AA. se sent\u00edan cercanas a un solo sector pol\u00edtico, y lo lamento, porque estas medidas utilizadas as\u00ed es un retroceso\u201d.<\/p>\n<\/div>\n<p>Para Brito el decreto\u00a0<strong>\u201cest\u00e1 muy al borde de la inconstitucionalidad y expone a las instituciones en un momento en que el \u2018<em>milico gate\u2019<\/em>\u00a0y los reiterativos fraudes la han da\u00f1ado bastante\u201d.<\/strong>\u00a0A\u00f1adiendo que\u00a0<strong>\u201clas confusiones del decreto reflejan el nivel de improvisaci\u00f3n del mismo\u201d.<\/strong><\/p>\n<p><strong>\u201cImprovisando no le vamos a ganar al narcotr\u00e1fico. El decreto tiene problemas de forma y de fondo\u201d<\/strong>, sostuvo el legislador de RD. Seg\u00fan explic\u00f3, el problema de \u201cforma\u201d se dar\u00eda \u201cporque,\u00a0<strong>dado que es un decreto, si es que el actuar de los militares implica el detener, muchos jueces podr\u00edan declarar ilegal las detenciones y quedaremos con narcotraficantes sueltos en nuestro pa\u00eds producto de la improvisaci\u00f3n.<\/strong>\u00a0Y si el decreto implica detener creo que est\u00e1 al borde de la inconstitucionalidad. Esperamos que la Contralor\u00eda lo revise con detalle\u201d.<\/p>\n<p>Asegur\u00f3, tambi\u00e9n, que \u201c<strong>las FF.AA. y los narcos nunca han sido buena combinaci\u00f3n.<\/strong>\u00a0En Latinoam\u00e9rica y en el mundo ejemplos hay de eso\u201d. Para agregar que\u00a0<strong>\u201cel gobierno y la derecha siempre nos propondr\u00e1n utilizar a las FF.AA. para los problemas sociales de los cuales no son capaces de hacerse cargo\u201d.<\/strong><\/p>\n<h2>Proyecto de acuerdo<\/h2>\n<p>Brito, sostuvo, adem\u00e1s, que present\u00f3 un\u00a0<strong>proyecto de acuerdo<\/strong>\u00a0en la C\u00e1mara de Diputados, que espera se vote el mi\u00e9rcoles y que busca que las FF.AA.\u00a0<strong>\u201cno ejerzan actividades de seguridad interior que\u00a0les corresponden a las polic\u00edas del pa\u00eds\u201d, seg\u00fan se lee en el texto ingresado a la Corporaci\u00f3n.\u00a0\u00a0<\/strong><\/p>\n<p>El presidente de la comisi\u00f3n de Defensa explic\u00f3 que\u00a0<strong>\u201clo que este proyecto hace es que obliga al ejecutivo a pronunciarse sobre lo que a nosotros planteamos que es mantener la distribuci\u00f3n de roles, en cuanto a que la polic\u00eda a cargo de la seguridad y los militares a cargo del resguardo de la soberan\u00eda\u201d.<\/strong><\/p>\n<p>Y detall\u00f3 que \u201cva con firmas desde el jefe de bancada DC, Gabriel Ascencio, al presidente del PC. El proyecto fue redactado por nosotros, Revoluci\u00f3n Democr\u00e1tica, el PS tambi\u00e9n se ha sumado y esperamos aprobarlo el mi\u00e9rcoles y\u00a0<strong>desde el Congreso colaborar al resguardo de nuestras instituciones y a mejorar la acciones que se hacen para combatir el narcotr\u00e1fico y la corrupci\u00f3n\u201d.<\/strong><\/p>\n<p>La Tercera<\/p>\n","protected":false},"excerpt":{"rendered":"<p>Las confusiones del decreto reflejan el nivel de improvisaci\u00f3n del mismo\u201d.\u00a0 De esta manera\u00a0el presidente de la Comisi\u00f3n de Defensa de la C\u00e1mara, Jorge Brito&#8230;<\/p>\n","protected":false},"author":2,"featured_media":2254,"comment_status":"closed","ping_status":"open","sticky":false,"template":"","format":"standard","meta":{"footnotes":""},"categories":[4,267],"tags":[],"_links":{"self":[{"href":"http:\/\/www.primeranota.cl\/web\/wp-json\/wp\/v2\/posts\/8848"}],"collection":[{"href":"http:\/\/www.primeranota.cl\/web\/wp-json\/wp\/v2\/posts"}],"about":[{"href":"http:\/\/www.primeranota.cl\/web\/wp-json\/wp\/v2\/types\/post"}],"author":[{"embeddable":true,"href":"http:\/\/www.primeranota.cl\/web\/wp-json\/wp\/v2\/users\/2"}],"replies":[{"embeddable":true,"href":"http:\/\/www.primeranota.cl\/web\/wp-json\/wp\/v2\/comments?post=8848"}],"version-history":[{"count":1,"href":"http:\/\/www.primeranota.cl\/web\/wp-json\/wp\/v2\/posts\/8848\/revisions"}],"predecessor-version":[{"id":8849,"href":"http:\/\/www.primeranota.cl\/web\/wp-json\/wp\/v2\/posts\/8848\/revisions\/8849"}],"wp:featuredmedia":[{"embeddable":true,"href":"http:\/\/www.primeranota.cl\/web\/wp-json\/wp\/v2\/media\/2254"}],"wp:attachment":[{"href":"http:\/\/www.primeranota.cl\/web\/wp-json\/wp\/v2\/media?parent=8848"}],"wp:term":[{"taxonomy":"category","embeddable":true,"href":"http:\/\/www.primeranota.cl\/web\/wp-json\/wp\/v2\/categories?post=8848"},{"taxonomy":"post_tag","embeddable":true,"href":"http:\/\/www.primeranota.cl\/web\/wp-json\/wp\/v2\/tags?post=8848"}],"curies":[{"name":"wp","href":"https:\/\/api.w.org\/{rel}","templated":true}]}}