{"id":8878,"date":"2019-07-17T08:20:58","date_gmt":"2019-07-17T12:20:58","guid":{"rendered":"http:\/\/www.primeranota.cl\/web\/?p=8878"},"modified":"2019-07-17T08:33:49","modified_gmt":"2019-07-17T12:33:49","slug":"pc-analiza-alianza-con-el-frente-amplio","status":"publish","type":"post","link":"http:\/\/www.primeranota.cl\/web\/pais\/pc-analiza-alianza-con-el-frente-amplio\/","title":{"rendered":"PC analiza alianza con el Frente Amplio"},"content":{"rendered":"<div class=\"td-post-header\"><\/div>\n<div class=\"td-post-sharing td-post-sharing-top \">\n<div class=\"td-default-sharing\">\n<div class=\"td-social-but-text\">El <strong>Partido Comunista<\/strong>\u00a0trabaja hace un par de meses en su\u00a0<strong>estrategia para las pr\u00f3ximas elecciones municipales<\/strong>. En ese escenario, el partido est\u00e1 tomando lineamientos respecto hacia d\u00f3nde enfocar\u00e1 sus esfuerzos y\u00a0<strong>se encuentra analizando una posible alianza con el Frente Amplio<\/strong>, acusando que\u00a0<strong>tanto la DC como el PPD se han posicionado en el centro<\/strong>\u00a0y ese factor estar\u00eda provocando una \u201cderechizaci\u00f3n del cuadro pol\u00edtico\u201d.<\/div>\n<\/div>\n<\/div>\n<div class=\"td-post-content\">\n<p><strong>\u201cNosotros vamos a confluir con quienes tengan un discurso coherente y cr\u00edtico frente al neoliberalismo. Como est\u00e1n las cosas, ese escenario se vislumbra con el Frente Amplio\u201d<\/strong>, se\u00f1al\u00f3 a\u00a0<em>El Mercurio<\/em>\u00a0el diputado PC,\u00a0<strong>Daniel N\u00fa\u00f1ez.<\/strong><\/p>\n<p>Para el parlamentario las fuerzas que estuvieron impulsando las reformas estructurales en el pasado hoy d\u00eda se han posicionado en el centro. \u201cY eso evidentemente est\u00e1 provocando una derechizaci\u00f3n del cuadro pol\u00edtico. Eso es muy claro en la DC y el PPD\u201d.<\/p>\n<p>Por su parte el encargado de las relaciones pol\u00edticas del PC,\u00a0<strong>Juan Andr\u00e9s Lagos<\/strong>, se\u00f1al\u00f3 al matutino que\u00a0<strong>\u201cefectivamente en el intercambio que hemos hecho hasta ahora hay bastante m\u00e1s sinton\u00eda con las fuerzas del Frente Amplio (FA)\u201d.\u00a0<\/strong><\/p>\n<p>En el partido advierten que una alianza de este tipo reconfigurar\u00eda el cuadro opositor.\u00a0<strong>\u201cLa Unidad por el Cambio m\u00e1s el FA hacen una mayor\u00eda frente al resto de los partidos de la oposici\u00f3n\u201d<\/strong>, asegur\u00f3 N\u00fa\u00f1ez.<\/p>\n<p>El coqueteo con el FA comenz\u00f3 luego del distanciamiento con la ex Nueva Mayor\u00eda tras el informe que dio a conocer Michelle Bachelet sobre Venezuela.<\/p>\n<p>En tanto\u00a0<strong>desde el FA a\u00fan es tema de debate los acuerdos que se sostendr\u00e1n con el resto de la oposici\u00f3n.\u00a0<\/strong><\/p>\n<\/div>\n","protected":false},"excerpt":{"rendered":"<p>El Partido Comunista\u00a0trabaja hace un par de meses en su\u00a0estrategia para las pr\u00f3ximas elecciones municipales. En ese escenario, el partido est\u00e1 tomando lineamientos respecto hacia&#8230;<\/p>\n","protected":false},"author":2,"featured_media":8879,"comment_status":"closed","ping_status":"open","sticky":false,"template":"","format":"standard","meta":{"footnotes":""},"categories":[4,267],"tags":[],"_links":{"self":[{"href":"http:\/\/www.primeranota.cl\/web\/wp-json\/wp\/v2\/posts\/8878"}],"collection":[{"href":"http:\/\/www.primeranota.cl\/web\/wp-json\/wp\/v2\/posts"}],"about":[{"href":"http:\/\/www.primeranota.cl\/web\/wp-json\/wp\/v2\/types\/post"}],"author":[{"embeddable":true,"href":"http:\/\/www.primeranota.cl\/web\/wp-json\/wp\/v2\/users\/2"}],"replies":[{"embeddable":true,"href":"http:\/\/www.primeranota.cl\/web\/wp-json\/wp\/v2\/comments?post=8878"}],"version-history":[{"count":2,"href":"http:\/\/www.primeranota.cl\/web\/wp-json\/wp\/v2\/posts\/8878\/revisions"}],"predecessor-version":[{"id":8885,"href":"http:\/\/www.primeranota.cl\/web\/wp-json\/wp\/v2\/posts\/8878\/revisions\/8885"}],"wp:featuredmedia":[{"embeddable":true,"href":"http:\/\/www.primeranota.cl\/web\/wp-json\/wp\/v2\/media\/8879"}],"wp:attachment":[{"href":"http:\/\/www.primeranota.cl\/web\/wp-json\/wp\/v2\/media?parent=8878"}],"wp:term":[{"taxonomy":"category","embeddable":true,"href":"http:\/\/www.primeranota.cl\/web\/wp-json\/wp\/v2\/categories?post=8878"},{"taxonomy":"post_tag","embeddable":true,"href":"http:\/\/www.primeranota.cl\/web\/wp-json\/wp\/v2\/tags?post=8878"}],"curies":[{"name":"wp","href":"https:\/\/api.w.org\/{rel}","templated":true}]}}