{"id":8920,"date":"2019-07-19T08:22:15","date_gmt":"2019-07-19T12:22:15","guid":{"rendered":"http:\/\/www.primeranota.cl\/web\/?p=8920"},"modified":"2019-07-19T08:22:15","modified_gmt":"2019-07-19T12:22:15","slug":"camara-aprobo-proyecto-de-ley-que-reconoce-y-regula-derechos-de-personas-con-enfermedad-terminal","status":"publish","type":"post","link":"http:\/\/www.primeranota.cl\/web\/pais\/camara-aprobo-proyecto-de-ley-que-reconoce-y-regula-derechos-de-personas-con-enfermedad-terminal\/","title":{"rendered":"C\u00e1mara aprob\u00f3 proyecto de ley que reconoce y regula derechos de personas con enfermedad terminal"},"content":{"rendered":"<p>La\u00a0<strong>C\u00e1mara de Diputados<\/strong>\u00a0aprob\u00f3 de forma un\u00e1nime el proyecto de ley de\u00a0<a href=\"https:\/\/www.camara.cl\/pley\/pley_detalle.aspx?prmID=13038&amp;prmBOLETIN=12507-11\">Reconocimiento y protecci\u00f3n de los derechos de las personas con enfermedades terminales, y el buen morir<\/a>, iniciativa impulsada por el Gobierno.<\/p>\n<p>La norma \u201ctiene por finalidad\u00a0<strong>reconocer, proteger y regular el derecho de las personas en situaci\u00f3n de enfermedad terminal<\/strong>\u00a0a una adecuada atenci\u00f3n de salud\u201d.<\/p>\n<p>El proyecto fue\u00a0<strong>ratificado en general con 122 votos a favor<\/strong>, votaci\u00f3n que tambi\u00e9n fue aplicada en particular a una indicaci\u00f3n impulsada por la diputada\u00a0<strong>Francesca Mu\u00f1oz<\/strong>, de Renovaci\u00f3n Nacional, la cual fue rechazada.<\/p>\n<div>\n<div class=\"the-banner\">\n<div class=\"rtb_slot only-focus loaded\" data-adunit=\"div-gpt-ad-1526420604766-2-297982\" data-slot=\"\/138734942\/Turner-cnn-Teads\" data-dimensions=\"[300, 250]\">\n<div id=\"div-gpt-ad-1526420604766-2-297982\" data-google-query-id=\"CPTP1oz8wOMCFYwbhwodiBEAuQ\">\n<div id=\"google_ads_iframe_\/138734942\/Turner-cnn-Teads_0__container__\">El apartado en cuesti\u00f3n se\u00f1alaba que \u201cen ning\u00fan caso los tratamientos administrados en el contexto de los cuidados paliativos o el rechazo a dichos tratamientos podr\u00e1n tener por objeto la aceleraci\u00f3n artificial de la muerte, la <strong>realizaci\u00f3n de pr\u00e1cticas eutan\u00e1sicas o el ensa\u00f1amiento terap\u00e9utico<\/strong>, en los t\u00e9rminos y con las limitaciones de los art\u00edculos 14, 15 y 16 de la ley N\u00b0 20.584\u2033.<\/div>\n<\/div>\n<\/div>\n<\/div>\n<\/div>\n<p><em><strong>Lee tambi\u00e9n:\u00a0<\/strong><a href=\"https:\/\/www.cnnchile.com\/pais\/comision-de-salud-aprueba-legislar-despenalizacion-de-la-eutanasia_20180807\/\">Comisi\u00f3n de Salud aprueba legislar despenalizaci\u00f3n de la eutanasia<\/a><\/em><\/p>\n<p>Sin embargo,\u00a0<strong>con 58 votos a favor, 56 en contra y ocho abstenciones, la indicaci\u00f3n no prosper\u00f3<\/strong>.<\/p>\n<div>\n<div class=\"the-banner\">\n<div class=\"rtb_slot only-focus loaded\" data-adunit=\"div-gpt-ad-1526420604766-5-297982\" data-slot=\"\/138734942\/Turner-cnn-Inbody-300x250a-art\" data-dimensions=\"[300, 250]\">\n<div id=\"div-gpt-ad-1526420604766-5-297982\" data-google-query-id=\"CK6sh478wOMCFdeBgwgdMwsCXQ\">\n<div id=\"google_ads_iframe_\/138734942\/Turner-cnn-Inbody-300x250a-art_0__container__\">Durante el debate legislativo, la diputada Mu\u00f1oz se\u00f1al\u00f3 que \u201ces importante que quede establecido en esta nueva norma que el Estado <strong>est\u00e1 velando por la vida y no por la muerte del paciente<\/strong>\u201c.<\/div>\n<\/div>\n<\/div>\n<\/div>\n<\/div>\n<p>\u201c<strong>No queremos que se d\u00e9 espacio para la ambig\u00fcedad<\/strong>\u00a0o una mala utilizaci\u00f3n de este buen proyecto de ley\u201d, dijo la parlamentaria RN.<\/p>\n<p>Por su parte, el diputado<strong>\u00a0Vlado Mirosevic<\/strong>, del Partido Liberal, asegur\u00f3 que \u201cla aplicaci\u00f3n de cuidados paliativos es la primera conquista para luego consagrar el derecho a la eutanasia.\u00a0<strong>Quienes quieren oponer cuidados paliativos con eutanasia, como la bancada evang\u00e9lica, no lo lograr\u00e1n<\/strong>\u201c.<\/p>\n<div>\n<div class=\"the-banner\">\n<div class=\"rtb_slot only-focus loaded\" data-adunit=\"div-gpt-ad-1526420604766-8-297982\" data-slot=\"\/138734942\/Turner-cnn-Inbody-300x250b-art\" data-dimensions=\"[300, 250]\">\n<div id=\"div-gpt-ad-1526420604766-8-297982\" data-google-query-id=\"CLPn5pH8wOMCFYoYhwod5O4M_Q\">\n<div id=\"google_ads_iframe_\/138734942\/Turner-cnn-Inbody-300x250b-art_0__container__\">En tanto, el diputado UDI<strong>\u00a0Jaime Bellolio<\/strong>\u00a0asegur\u00f3 que \u201csi uno quisiera, podr\u00eda decir que el fracaso de los cuidados paliativos termina despu\u00e9s de una eutanasia, pero\u00a0<strong>no tiene que ver con frenar ni acelerar el proyecto que se est\u00e1 tramitando en la Comisi\u00f3n de Salud<\/strong>; esa es otra controversia que vamos a tener adelante\u201d.<\/div>\n<\/div>\n<\/div>\n<\/div>\n<\/div>\n<p>Mientras que el presidente de la Comisi\u00f3n de Salud de la C\u00e1mara, el diputado PPD\u00a0<strong>Ricardo Celis<\/strong>, sostuvo que los parlamentarios que promovieron la indicaci\u00f3n \u201cno han comprendido nada y est\u00e1n preocupados de una cuesti\u00f3n de dogma, en lugar de colocar el acento en la mitigaci\u00f3n del dolor y de los cuidados del enfermo terminal no oncol\u00f3gico\u201d.<\/p>\n<p><strong>Sebasti\u00e1n Torrealba<\/strong>, diputado RN, hizo hincapi\u00e9 en que este proyecto otorga \u201ccuidados paliativos para aquellas enfermedades que son dolorosas, y<strong>\u00a0no necesariamente es un freno a la eutanasia<\/strong>\u201c.<\/p>\n<p>La iniciativa legal, que ahora pasa a su tramitaci\u00f3n en el Senado,\u00a0<strong>reconoce los siguientes derechos<\/strong>:<\/p>\n<ol>\n<li>Ser informado en forma oportuna y comprensible de su estado de salud, del manejo de s\u00edntomas, formas de autocuidado y de los posibles tratamientos a realizarse.<\/li>\n<li>Cuidados paliativos, cuando corresponda, y de conformidad con los decretos, normas t\u00e9cnicas y gu\u00edas cl\u00ednicas elaboradas por el Ministerio de Salud.<\/li>\n<li>A ser acompa\u00f1ado por sus familiares o por quien la persona en situaci\u00f3n de enfermedad terminal designe, en la forma que determine el respectivo reglamento.<\/li>\n<li>En general, a todos aquellos derechos establecidos en la Ley 20.584, que regula los derechos y deberes que tienen las personas en relaci\u00f3n con acciones vinculadas a su atenci\u00f3n en salud y, en particular, reforzar la autonom\u00eda de los pacientes.<\/li>\n<\/ol>\n","protected":false},"excerpt":{"rendered":"<p>La\u00a0C\u00e1mara de Diputados\u00a0aprob\u00f3 de forma un\u00e1nime el proyecto de ley de\u00a0Reconocimiento y protecci\u00f3n de los derechos de las personas con enfermedades terminales, y el buen&#8230;<\/p>\n","protected":false},"author":2,"featured_media":4257,"comment_status":"closed","ping_status":"open","sticky":false,"template":"","format":"standard","meta":{"footnotes":""},"categories":[4,267],"tags":[],"_links":{"self":[{"href":"http:\/\/www.primeranota.cl\/web\/wp-json\/wp\/v2\/posts\/8920"}],"collection":[{"href":"http:\/\/www.primeranota.cl\/web\/wp-json\/wp\/v2\/posts"}],"about":[{"href":"http:\/\/www.primeranota.cl\/web\/wp-json\/wp\/v2\/types\/post"}],"author":[{"embeddable":true,"href":"http:\/\/www.primeranota.cl\/web\/wp-json\/wp\/v2\/users\/2"}],"replies":[{"embeddable":true,"href":"http:\/\/www.primeranota.cl\/web\/wp-json\/wp\/v2\/comments?post=8920"}],"version-history":[{"count":1,"href":"http:\/\/www.primeranota.cl\/web\/wp-json\/wp\/v2\/posts\/8920\/revisions"}],"predecessor-version":[{"id":8921,"href":"http:\/\/www.primeranota.cl\/web\/wp-json\/wp\/v2\/posts\/8920\/revisions\/8921"}],"wp:featuredmedia":[{"embeddable":true,"href":"http:\/\/www.primeranota.cl\/web\/wp-json\/wp\/v2\/media\/4257"}],"wp:attachment":[{"href":"http:\/\/www.primeranota.cl\/web\/wp-json\/wp\/v2\/media?parent=8920"}],"wp:term":[{"taxonomy":"category","embeddable":true,"href":"http:\/\/www.primeranota.cl\/web\/wp-json\/wp\/v2\/categories?post=8920"},{"taxonomy":"post_tag","embeddable":true,"href":"http:\/\/www.primeranota.cl\/web\/wp-json\/wp\/v2\/tags?post=8920"}],"curies":[{"name":"wp","href":"https:\/\/api.w.org\/{rel}","templated":true}]}}