{"id":8943,"date":"2019-07-20T09:30:26","date_gmt":"2019-07-20T13:30:26","guid":{"rendered":"http:\/\/www.primeranota.cl\/web\/?p=8943"},"modified":"2019-07-20T09:30:26","modified_gmt":"2019-07-20T13:30:26","slug":"fuad-chahin-empezamos-un-camino-de-encontrarnos-de-nuevo-con-el-ps-el-pr-y-el-ppd","status":"publish","type":"post","link":"http:\/\/www.primeranota.cl\/web\/pais\/fuad-chahin-empezamos-un-camino-de-encontrarnos-de-nuevo-con-el-ps-el-pr-y-el-ppd\/","title":{"rendered":"Fuad Chahin: &#8220;Empezamos un camino de encontrarnos de nuevo con el PS, el PR y el PPD&#8221;"},"content":{"rendered":"<p>Luego de los acuerdos alcanzados con el Gobierno por la reforma previsional, el presidente de la Democracia Cristiana, Fuad Chah\u00edn, asegur\u00f3 que &#8220;empezamos un camino de comenzar a encontrarnos de nuevo con el PS, el PR y el PPD, en lo pol\u00edtico program\u00e1tico. Se empieza, con ripios, a generar una convergencia y hay que fortalecerlo&#8221;. Mientras que, seg\u00fan dijo, el Partido Comunista &#8221; ha vuelto a su cauce natural, acerc\u00e1ndose al Frente Amplio y a Marco Enr\u00edquez-Ominami y el PRo&#8221;.<\/p>\n<p>Fuente: Emol.com<\/p>\n","protected":false},"excerpt":{"rendered":"<p>Luego de los acuerdos alcanzados con el Gobierno por la reforma previsional, el presidente de la Democracia Cristiana, Fuad Chah\u00edn, asegur\u00f3 que &#8220;empezamos un camino&#8230;<\/p>\n","protected":false},"author":2,"featured_media":5285,"comment_status":"closed","ping_status":"open","sticky":false,"template":"","format":"standard","meta":{"footnotes":""},"categories":[4,267],"tags":[],"_links":{"self":[{"href":"http:\/\/www.primeranota.cl\/web\/wp-json\/wp\/v2\/posts\/8943"}],"collection":[{"href":"http:\/\/www.primeranota.cl\/web\/wp-json\/wp\/v2\/posts"}],"about":[{"href":"http:\/\/www.primeranota.cl\/web\/wp-json\/wp\/v2\/types\/post"}],"author":[{"embeddable":true,"href":"http:\/\/www.primeranota.cl\/web\/wp-json\/wp\/v2\/users\/2"}],"replies":[{"embeddable":true,"href":"http:\/\/www.primeranota.cl\/web\/wp-json\/wp\/v2\/comments?post=8943"}],"version-history":[{"count":1,"href":"http:\/\/www.primeranota.cl\/web\/wp-json\/wp\/v2\/posts\/8943\/revisions"}],"predecessor-version":[{"id":8944,"href":"http:\/\/www.primeranota.cl\/web\/wp-json\/wp\/v2\/posts\/8943\/revisions\/8944"}],"wp:featuredmedia":[{"embeddable":true,"href":"http:\/\/www.primeranota.cl\/web\/wp-json\/wp\/v2\/media\/5285"}],"wp:attachment":[{"href":"http:\/\/www.primeranota.cl\/web\/wp-json\/wp\/v2\/media?parent=8943"}],"wp:term":[{"taxonomy":"category","embeddable":true,"href":"http:\/\/www.primeranota.cl\/web\/wp-json\/wp\/v2\/categories?post=8943"},{"taxonomy":"post_tag","embeddable":true,"href":"http:\/\/www.primeranota.cl\/web\/wp-json\/wp\/v2\/tags?post=8943"}],"curies":[{"name":"wp","href":"https:\/\/api.w.org\/{rel}","templated":true}]}}