{"id":8960,"date":"2019-07-22T08:11:16","date_gmt":"2019-07-22T12:11:16","guid":{"rendered":"http:\/\/www.primeranota.cl\/web\/?p=8960"},"modified":"2019-07-22T08:11:16","modified_gmt":"2019-07-22T12:11:16","slug":"ppd-pone-condiciones-para-llegar-a-acuerdo-en-reforma-de-pensiones","status":"publish","type":"post","link":"http:\/\/www.primeranota.cl\/web\/pais\/ppd-pone-condiciones-para-llegar-a-acuerdo-en-reforma-de-pensiones\/","title":{"rendered":"PPD pone condiciones para llegar a acuerdo en reforma de pensiones"},"content":{"rendered":"<p><strong>\u201cHay que tener solidaridad intergeneracional. Esto quiere decir que el 4% que ha sido acordado no basta. Nosotros creemos que tiene que ser un 5,5% y que el 1,5% adicional se utilice para solidaridad intergeneracional, es decir, para que suban las pensiones de la clase media en el breve plazo, probablemente hasta en un 20% si concordamos ese 1,5 adicional\u201d<\/strong>, dijo el presidente del PPD, Heraldo Mu\u00f1oz.<\/p>\n<p>En la misma l\u00ednea, agreg\u00f3 que \u201c<strong>un segundo componente es la Equidad de G\u00e9nero, las mujeres no pueden seguir pagando la brecha que hay entre hombres y mujeres, y tenemos varias propuestas en la materia . Si no hay Equidad de G\u00e9nero, no estamos dispuestos a conversar con el Gobierno para votar su proyecto\u201d,<\/strong>dijo.<\/p>\n<p>Por otro lado, el timonel del PPD asegur\u00f3 que el Consejo Administrador de los Seguros Sociales (CASS) tiene todav\u00eda muchas falencias, las que espera sean corregidas en las nuevas instancias donde se discutir\u00e1 el proyecto en el Congreso.<\/p>\n<p>\u201cEn primer lugar, no apuesta a las inversiones de largo plazo. En segundo lugar, no est\u00e1 contemplada la facultad que administre directamente inversiones. De modo que este CASS tiene muchas debilidades que deben ser corregidas\u201d, afirm\u00f3 Mu\u00f1oz.<\/p>\n<p>Por \u00faltimo, Mu\u00f1oz considera que es necesario que tambi\u00e9n se discutan sobre \u201clas ganancias abusivas\u201d de las AFP, \u201cindependientemente que lo hagan bien o mal\u201d. Esto, porque \u201csi lo hacen mal, el que paga es el afiliado, no la empresa. De modo que aqu\u00ed hay una cuesti\u00f3n que hay que abordar\u201d, coment\u00f3.<\/p>\n","protected":false},"excerpt":{"rendered":"<p>\u201cHay que tener solidaridad intergeneracional. Esto quiere decir que el 4% que ha sido acordado no basta. Nosotros creemos que tiene que ser un 5,5%&#8230;<\/p>\n","protected":false},"author":2,"featured_media":4949,"comment_status":"closed","ping_status":"open","sticky":false,"template":"","format":"standard","meta":{"footnotes":""},"categories":[4,267],"tags":[],"_links":{"self":[{"href":"http:\/\/www.primeranota.cl\/web\/wp-json\/wp\/v2\/posts\/8960"}],"collection":[{"href":"http:\/\/www.primeranota.cl\/web\/wp-json\/wp\/v2\/posts"}],"about":[{"href":"http:\/\/www.primeranota.cl\/web\/wp-json\/wp\/v2\/types\/post"}],"author":[{"embeddable":true,"href":"http:\/\/www.primeranota.cl\/web\/wp-json\/wp\/v2\/users\/2"}],"replies":[{"embeddable":true,"href":"http:\/\/www.primeranota.cl\/web\/wp-json\/wp\/v2\/comments?post=8960"}],"version-history":[{"count":1,"href":"http:\/\/www.primeranota.cl\/web\/wp-json\/wp\/v2\/posts\/8960\/revisions"}],"predecessor-version":[{"id":8961,"href":"http:\/\/www.primeranota.cl\/web\/wp-json\/wp\/v2\/posts\/8960\/revisions\/8961"}],"wp:featuredmedia":[{"embeddable":true,"href":"http:\/\/www.primeranota.cl\/web\/wp-json\/wp\/v2\/media\/4949"}],"wp:attachment":[{"href":"http:\/\/www.primeranota.cl\/web\/wp-json\/wp\/v2\/media?parent=8960"}],"wp:term":[{"taxonomy":"category","embeddable":true,"href":"http:\/\/www.primeranota.cl\/web\/wp-json\/wp\/v2\/categories?post=8960"},{"taxonomy":"post_tag","embeddable":true,"href":"http:\/\/www.primeranota.cl\/web\/wp-json\/wp\/v2\/tags?post=8960"}],"curies":[{"name":"wp","href":"https:\/\/api.w.org\/{rel}","templated":true}]}}