{"id":8973,"date":"2019-07-23T08:15:19","date_gmt":"2019-07-23T12:15:19","guid":{"rendered":"http:\/\/www.primeranota.cl\/web\/?p=8973"},"modified":"2019-07-23T08:15:19","modified_gmt":"2019-07-23T12:15:19","slug":"larrain-por-reforma-de-pensiones-hay-un-pequeno-cobro-para-el-afiliado-por-la-gestion-financiera","status":"publish","type":"post","link":"http:\/\/www.primeranota.cl\/web\/pais\/larrain-por-reforma-de-pensiones-hay-un-pequeno-cobro-para-el-afiliado-por-la-gestion-financiera\/","title":{"rendered":"Larra\u00edn por reforma de pensiones: Hay un peque\u00f1o cobro para el afiliado por la gesti\u00f3n financiera"},"content":{"rendered":"<p>El ministro de Hacienda, Felipe Larra\u00edn, convers\u00f3 en\u00a0<strong><em>La Prueba de ADN<\/em><\/strong>\u00a0con respecto al proyecto en torno a la reforma de pensiones, el cual contempla la creaci\u00f3n del\u00a0<strong>Consejo Administrador de los Seguros Sociales (CASS)<\/strong>,\u00a0<strong>el cual, valga la redundancia, administrar\u00e1 el 4% de cotizaci\u00f3n adicional y que fue aprobado por la Comisi\u00f3n de Trabajo de la C\u00e1mara Baja.<\/strong><\/p>\n<p>Al respecto, el titular indic\u00f3 que &#8220;<strong>el costo del CASS lo va a cubrir el Estado y eso que estaba contemplado en el proyecto inicial para los primeros 36 meses, hoy qued\u00f3 como una cosa permanente<\/strong>&#8220;.<\/p>\n<p>Dicho financiamiento, seg\u00fan Larra\u00edn, tendr\u00e1 &#8220;<strong>un costo de funcionamiento del orden de los $1.300 millones y no va a haber ning\u00fan costo para el cotizante<\/strong>&#8220;.<\/p>\n<p>Sin embargo, el ministro expres\u00f3 que este proceso, que contempla por ejemplo la administraci\u00f3n de la cuenta y el traspaso de la cotizaci\u00f3n, ser\u00e1 &#8220;<strong>llevado a cabo por las actuales AFP. Esa parte que lo van a hacer, van a ser abaratadas porque tienen econom\u00edas de escala&#8221;.\u00a0<\/strong>No obstante, los agentes de inversi\u00f3n<strong>\u00a0&#8220;tienen que cobrar por ese servicio, pero esperamos que por separar el trabajo de inversi\u00f3n de administraci\u00f3n de la cuenta no va a tener un cobro adicional<\/strong>&#8220;.<\/p>\n<p>De esta forma, Larra\u00edn confirm\u00f3 que &#8220;<strong>se cobra una remuneraci\u00f3n por parte para el fondo. Por supuesto que al final hay un peque\u00f1o cobro para el afiliado, pero esperamos que sea el menor posible<\/strong>&#8220;.<\/p>\n<p>&#8220;<strong>El costo del Consejo del CASS lo cubrir\u00e1 el Estado. Luego est\u00e1 el costo de la administraci\u00f3n de los fondos, de las inversiones y eso tiene dos partes<\/strong>: la m\u00e1s importante que tiene que ver con el manejo administrativo de las cuentas, no va a generar ning\u00fan costo&#8221;, dijo.<\/p>\n<p>Eso s\u00ed, el ministro reconoci\u00f3 que &#8220;<strong>siempre las empresas que van a hacer los agentes de inversi\u00f3n tienen que remunerar y buscar una remuneraci\u00f3n del servicio. Esto, a trav\u00e9s de licitaciones p\u00fablicas con las que vamos a minimizar ese costo para el usuario<\/strong>&#8220;.<\/p>\n<p>Larra\u00edn sostuvo que m\u00e1s all\u00e1 de las implicancias t\u00e9cnicas, el proyecto se debe entender como un &#8220;acuerdo pol\u00edtico. Hay razones t\u00e9cnicas, pero esto no es un proyecto meramente de ese estilo.\u00a0<strong>Hay una consideraci\u00f3n pol\u00edtica que es conseguir el acuerdo para que en enero tengamos un aumento significativo de las pensiones de los chilenos, especialmente de los m\u00e1s vulnerables y la clase media<\/strong>&#8220;.<\/p>\n","protected":false},"excerpt":{"rendered":"<p>El ministro de Hacienda, Felipe Larra\u00edn, convers\u00f3 en\u00a0La Prueba de ADN\u00a0con respecto al proyecto en torno a la reforma de pensiones, el cual contempla la&#8230;<\/p>\n","protected":false},"author":2,"featured_media":1987,"comment_status":"closed","ping_status":"open","sticky":false,"template":"","format":"standard","meta":{"footnotes":""},"categories":[4,267],"tags":[],"_links":{"self":[{"href":"http:\/\/www.primeranota.cl\/web\/wp-json\/wp\/v2\/posts\/8973"}],"collection":[{"href":"http:\/\/www.primeranota.cl\/web\/wp-json\/wp\/v2\/posts"}],"about":[{"href":"http:\/\/www.primeranota.cl\/web\/wp-json\/wp\/v2\/types\/post"}],"author":[{"embeddable":true,"href":"http:\/\/www.primeranota.cl\/web\/wp-json\/wp\/v2\/users\/2"}],"replies":[{"embeddable":true,"href":"http:\/\/www.primeranota.cl\/web\/wp-json\/wp\/v2\/comments?post=8973"}],"version-history":[{"count":1,"href":"http:\/\/www.primeranota.cl\/web\/wp-json\/wp\/v2\/posts\/8973\/revisions"}],"predecessor-version":[{"id":8974,"href":"http:\/\/www.primeranota.cl\/web\/wp-json\/wp\/v2\/posts\/8973\/revisions\/8974"}],"wp:featuredmedia":[{"embeddable":true,"href":"http:\/\/www.primeranota.cl\/web\/wp-json\/wp\/v2\/media\/1987"}],"wp:attachment":[{"href":"http:\/\/www.primeranota.cl\/web\/wp-json\/wp\/v2\/media?parent=8973"}],"wp:term":[{"taxonomy":"category","embeddable":true,"href":"http:\/\/www.primeranota.cl\/web\/wp-json\/wp\/v2\/categories?post=8973"},{"taxonomy":"post_tag","embeddable":true,"href":"http:\/\/www.primeranota.cl\/web\/wp-json\/wp\/v2\/tags?post=8973"}],"curies":[{"name":"wp","href":"https:\/\/api.w.org\/{rel}","templated":true}]}}