{"id":9110,"date":"2019-07-30T07:53:31","date_gmt":"2019-07-30T11:53:31","guid":{"rendered":"http:\/\/www.primeranota.cl\/web\/?p=9110"},"modified":"2019-07-30T07:53:31","modified_gmt":"2019-07-30T11:53:31","slug":"ley-corta-antiterrorista-divide-a-la-oposicion","status":"publish","type":"post","link":"http:\/\/www.primeranota.cl\/web\/pais\/ley-corta-antiterrorista-divide-a-la-oposicion\/","title":{"rendered":"Ley corta antiterrorista divide a la oposici\u00f3n"},"content":{"rendered":"<p>Una llamada realiz\u00f3 el ministro Segpres, Gonzalo Blumel, al presidente del Senado, Jaime Quintana, el mismo d\u00eda del atentado en la 54 Comisar\u00eda de Huechuraba y del env\u00edo de un artefacto explosivo al exministro del Interior Rodrigo Hinzpeter. El secretario de Estado le pidi\u00f3 al senador apurar la tramitaci\u00f3n de la ley corta antiterrorista en la C\u00e1mara Alta, que busca dotar a Carabineros y a la PDI con medidas especiales para investigar este tipo de delitos.<\/p>\n<p>Y si bien desde la mesa afirman que hay \u201cbuena voluntad\u201d para que el proyecto se discuta en general el 6 de agosto -iniciativa que, adem\u00e1s, se encuentra con suma urgencia-, dentro de los distintos comit\u00e9s de la oposici\u00f3n hay posturas antag\u00f3nicas sobre la propuesta del Ejecutivo. Mientras algunos adelantaron que votar\u00e1n a favor, otros anunciaron su rechazo.<\/p>\n<div class=\"single-oferta-contenidos\">\n<p>Sin embargo, su par Carolina Goic afirm\u00f3 que tiene <strong>\u201cdisposici\u00f3n de avanzar con la ley corta\u201d<\/strong>, pero espera la modificaci\u00f3n del proyecto, puesto que \u201cno soluciona el problema\u201d.<\/p>\n<\/div>\n<p>Desde el PPD, en tanto, el presidente de la Comisi\u00f3n de Constituci\u00f3n, Felipe Harboe -quien junto con Chile Vamos dio el voto que permiti\u00f3 el avance del proyecto en dicha instancia-, sostuvo que \u201cvolver\u00e9 a votar a favor en la sala\u201d.<\/p>\n<p>Pero otros miembros de su partido reconocieron tener dudas sobre c\u00f3mo actuar durante la votaci\u00f3n. \u201cMi voto en la sala va a depender de cu\u00e1nto contribuya este proyecto en particular a la prevenci\u00f3n de estos delitos\u201d, advirti\u00f3 el senador Jaime Quintana, algo que replic\u00f3 su par Adriana Mu\u00f1oz, quien tambi\u00e9n manifest\u00f3 no tener decidido su voto.<\/p>\n<p>A su vez, el senador independiente Alejandro Guillier manifest\u00f3 que \u201cno hay nadie que se niegue a dotar a los fiscales y polic\u00edas de mayores facilidades investigativas\u201d, pero fue enf\u00e1tico en que este proyecto \u201cno tiene capacidad de prevenir ninguna nueva bomba\u201d. Mientras que el RD Juan Ignacio Latorre tambi\u00e9n se mostr\u00f3 cr\u00edtico con la iniciativa. \u201cEl gobierno utiliz\u00f3 lo que ocurri\u00f3 en Huechuraba y con el se\u00f1or Hinzpeter para acelerar una tramitaci\u00f3n que no da respuesta al problema\u201d, dijo.<\/p>\n<p>Dentro del PS se abord\u00f3 el tema. Seg\u00fan explicaron desde la colectividad, se estar\u00eda evaluando la posibilidad de votar a favor la idea de legislar, algo que decidir\u00e1n el pr\u00f3ximo martes.<br \/>\nSi bien todos los socialistas son cr\u00edticos del proyecto, hay algunos que creen que se debe modificar la iniciativa una vez aprobada la discusi\u00f3n en general. Esto, en contraparte de lo que ha planteado otro socialista, como el senador Alfonso de Urresti, quien vot\u00f3 en contra en la Comisi\u00f3n de Constituci\u00f3n.<\/p>\n","protected":false},"excerpt":{"rendered":"<p>Una llamada realiz\u00f3 el ministro Segpres, Gonzalo Blumel, al presidente del Senado, Jaime Quintana, el mismo d\u00eda del atentado en la 54 Comisar\u00eda de Huechuraba&#8230;<\/p>\n","protected":false},"author":2,"featured_media":5206,"comment_status":"closed","ping_status":"open","sticky":false,"template":"","format":"standard","meta":{"footnotes":""},"categories":[4,267],"tags":[],"_links":{"self":[{"href":"http:\/\/www.primeranota.cl\/web\/wp-json\/wp\/v2\/posts\/9110"}],"collection":[{"href":"http:\/\/www.primeranota.cl\/web\/wp-json\/wp\/v2\/posts"}],"about":[{"href":"http:\/\/www.primeranota.cl\/web\/wp-json\/wp\/v2\/types\/post"}],"author":[{"embeddable":true,"href":"http:\/\/www.primeranota.cl\/web\/wp-json\/wp\/v2\/users\/2"}],"replies":[{"embeddable":true,"href":"http:\/\/www.primeranota.cl\/web\/wp-json\/wp\/v2\/comments?post=9110"}],"version-history":[{"count":1,"href":"http:\/\/www.primeranota.cl\/web\/wp-json\/wp\/v2\/posts\/9110\/revisions"}],"predecessor-version":[{"id":9111,"href":"http:\/\/www.primeranota.cl\/web\/wp-json\/wp\/v2\/posts\/9110\/revisions\/9111"}],"wp:featuredmedia":[{"embeddable":true,"href":"http:\/\/www.primeranota.cl\/web\/wp-json\/wp\/v2\/media\/5206"}],"wp:attachment":[{"href":"http:\/\/www.primeranota.cl\/web\/wp-json\/wp\/v2\/media?parent=9110"}],"wp:term":[{"taxonomy":"category","embeddable":true,"href":"http:\/\/www.primeranota.cl\/web\/wp-json\/wp\/v2\/categories?post=9110"},{"taxonomy":"post_tag","embeddable":true,"href":"http:\/\/www.primeranota.cl\/web\/wp-json\/wp\/v2\/tags?post=9110"}],"curies":[{"name":"wp","href":"https:\/\/api.w.org\/{rel}","templated":true}]}}