{"id":9131,"date":"2019-07-31T07:53:17","date_gmt":"2019-07-31T11:53:17","guid":{"rendered":"http:\/\/www.primeranota.cl\/web\/?p=9131"},"modified":"2019-07-31T07:53:17","modified_gmt":"2019-07-31T11:53:17","slug":"compania-de-jesus-confirmo-abusos-sexuales-de-renato-poblete","status":"publish","type":"post","link":"http:\/\/www.primeranota.cl\/web\/pais\/compania-de-jesus-confirmo-abusos-sexuales-de-renato-poblete\/","title":{"rendered":"Compa\u00f1\u00eda de Jes\u00fas confirm\u00f3 abusos sexuales de Renato Poblete"},"content":{"rendered":"<p>El\u00a0<a href=\"https:\/\/www.jesuitas.cl\/wp-content\/uploads\/2019\/07\/Presentaci%C3%B3n-Informe-RPB-30-07-2019-final-final-final.pdf\">provincial jesuita,\u00a0<strong>Cristi\u00e1n del Campo<\/strong><\/a>, confirm\u00f3 que &#8220;esta investigaci\u00f3n comenz\u00f3 gracias a la\u00a0<a href=\"https:\/\/www.cooperativa.cl\/noticias\/pais\/iglesia-catolica\/renato-poblete\/denuncian-a-renato-poblete-por-caso-de-abuso\/2019-01-17\/165729.html\">denuncia de la se\u00f1ora Marcela Aranda<\/a>\u00a0y posteriormente recibi\u00f3 el testimonio de\u00a0<strong>21 mujeres m\u00e1s que sufrieron alguna experiencia de abuso sexual por parte de Renato Poblete, hechos ocurridos entre los a\u00f1os 1960 y 2008&#8243;.<\/strong><\/p>\n<p>&#8220;Dentro de las v\u00edctimas mencionadas, existen\u00a0<strong>cuatro personas que eran menores de 18 a\u00f1os<\/strong>cuando ocurrieron los hechos denunciados&#8221;, precis\u00f3.<\/p>\n<p>Del Campo a\u00f1adi\u00f3 que &#8220;16 (casos) se refieren a abusos sexuales de mujeres mayores de edad, consistentes en un<strong>\u00a0abordaje sexual inesperado y violento,<\/strong>\u00a0en que intempestivamente se intenta besar y tocar a la v\u00edctima&#8221;.<\/p>\n<p>&#8220;Entre 1960 y 2008, Renato Poblete Barth<strong>\u00a0mantuvo seis relaciones estables<\/strong>\u00a0en un periodo de tiempo (&#8230;) el investigador estima la existencia de aspectos abusivos en al menos cinco de ellas&#8221;, plantearon sobre el capell\u00e1n del Hogar de Cristo entre 1982 y 2000.<\/p>\n<p>Los jesuitas confirmaron que &#8220;en el caso de la denunciante se\u00f1ora<strong>\u00a0Marcela Aranda, que dio origen a esta investigaci\u00f3n, todos los hechos descritos por ella han sido considerados plausibles y su relato cre\u00edble.<\/strong>\u00a0En el caso de los abusos sexuales, estos han podido ser corroborados con otras evidencias, tales como patrones comunes de conducta del acusado y testigos que confirmaron la relaci\u00f3n que existi\u00f3 entre la v\u00edctima y el indagado&#8221;.<\/p>\n<p>&#8220;En el caso de los<strong>\u00a0tres abortos denunciados<\/strong>, a\u00fan cuando no se conoci\u00f3 de otros casos que involucraran abortos, el investigador consider\u00f3 que en\u00a0<strong>al menos uno de ellos habr\u00eda antecedentes que corroboran la participaci\u00f3n de Renato Poblete<\/strong>&#8220;, dijeron.<\/p>\n<p>Del Campo agreg\u00f3 que &#8220;respecto de la denuncia de violaciones grupales, la investigaci\u00f3n\u00a0<strong>no conoci\u00f3 de otros casos de abusos o violaciones de car\u00e1cter grupal<\/strong>\u00a0ni encontr\u00f3 antecedentes que los pudieran corroborar&#8221;.<\/p>\n<p>&#8220;Dada la gravedad de esta denuncia, el testimonio de la se\u00f1ora Marcela Aranda ha sido considerado plausible y cre\u00edble en su integridad y el hecho de que en su declaraci\u00f3n ella se\u00f1ala que estos hechos podr\u00edan considerar a otras personas, personas vivas,\u00a0<strong>presentaremos estos antecedentes a la brevedad al Ministerio P\u00fablico<\/strong>&#8220;, sentenci\u00f3.<\/p>\n<div class=\"marcoFoto\">\n<div class=\"piefoto\">La Compa\u00f1\u00eda de Jes\u00fas puntualiz\u00f3 que &#8220;esta investigaci\u00f3n ha demostrado de manera contundente que <strong>Poblete Barth abus\u00f3 de manera reiterada, grave y sistem\u00e1tica, amparado en el poder que le otorgaba su condici\u00f3n de sacerdote<\/strong>, en el dinero que manej\u00f3 de manera personal y en el prestigio que su labor apost\u00f3lica le otorg\u00f3 durante sus a\u00f1os como sacerdote&#8221;.<\/div>\n<\/div>\n<p>&#8220;Las conductas de abuso de poder, de conciencia sexual y otros delitos se sostuvieron en<strong>\u00a0una suerte de doble vida<\/strong>\u00a0amparado en su imagen p\u00fablica de persona de bien&#8221;, aclararon.<\/p>\n<p>&#8220;Los testimonios de las v\u00edctimas recolectados en el proceso de investigaci\u00f3n dan cuenta de la din\u00e1mica establecida por Renato Poblete Barth,\u00a0<strong>una din\u00e1mica de violencia, de abuso de poder y emocional a las v\u00edctimas y a sus familias<\/strong>, que facilit\u00f3 su obrar y el silencio tanto de v\u00edctimas como de otras personas&#8221;, sostuvo Cristi\u00e1n del Campo.<\/p>\n<p>Poblete se focalizaba &#8220;en personas con vulnerabilidad econ\u00f3micas o emocionales, la ayuda econ\u00f3mica sistem\u00e1tica, la posici\u00f3n de poder social y religioso, la utilizaci\u00f3n del entorno familiar de las v\u00edctimas&#8221;, precisaron.<\/p>\n<p>&#8220;Somos conscientes de este grave da\u00f1o y por eso, tal como lo han solicitado algunas v\u00edctimas,\u00a0<strong>honraremos nuestro compromiso de confidencialidad<\/strong>\u00a0con ellos. En nuestro pa\u00eds son los tribunales los llamados a dictar justicia y establecer responsabilidades&#8221;, finaliz\u00f3.<\/p>\n<div class=\"marcoFoto\">\n<div class=\"piefoto\"><strong>Descartan encubrimiento<\/strong><\/div>\n<\/div>\n<p>La investigaci\u00f3n liderada por Bown\u00a0<strong>no acredit\u00f3 la &#8220;existencia de encubrimiento&#8221;,<\/strong>\u00a0aunque el rol del sacerdote Juan Ochagavia se calific\u00f3 como &#8220;negligente&#8221; al no realizar un seguimiento a las denuncias que recibi\u00f3.<\/p>\n<p>&#8220;El investigador no acredit\u00f3 la existencia de encubrimiento, sin desconocer que corresponde al Ministerio P\u00fablico determinar su existencia, sin embargo,<strong>\u00a0el informe se\u00f1al\u00f3 que algunos jesuitas recibieron alg\u00fan tipo de informaci\u00f3n, rumores o comentarios de terceros,<\/strong>\u00a0lo que implicar\u00eda una responsabilidad \u00e9tica en su actuar&#8221;, recalcaron.<\/p>\n","protected":false},"excerpt":{"rendered":"<p>El\u00a0provincial jesuita,\u00a0Cristi\u00e1n del Campo, confirm\u00f3 que &#8220;esta investigaci\u00f3n comenz\u00f3 gracias a la\u00a0denuncia de la se\u00f1ora Marcela Aranda\u00a0y posteriormente recibi\u00f3 el testimonio de\u00a021 mujeres m\u00e1s que&#8230;<\/p>\n","protected":false},"author":2,"featured_media":9132,"comment_status":"closed","ping_status":"open","sticky":false,"template":"","format":"standard","meta":{"footnotes":""},"categories":[4,267],"tags":[],"_links":{"self":[{"href":"http:\/\/www.primeranota.cl\/web\/wp-json\/wp\/v2\/posts\/9131"}],"collection":[{"href":"http:\/\/www.primeranota.cl\/web\/wp-json\/wp\/v2\/posts"}],"about":[{"href":"http:\/\/www.primeranota.cl\/web\/wp-json\/wp\/v2\/types\/post"}],"author":[{"embeddable":true,"href":"http:\/\/www.primeranota.cl\/web\/wp-json\/wp\/v2\/users\/2"}],"replies":[{"embeddable":true,"href":"http:\/\/www.primeranota.cl\/web\/wp-json\/wp\/v2\/comments?post=9131"}],"version-history":[{"count":1,"href":"http:\/\/www.primeranota.cl\/web\/wp-json\/wp\/v2\/posts\/9131\/revisions"}],"predecessor-version":[{"id":9133,"href":"http:\/\/www.primeranota.cl\/web\/wp-json\/wp\/v2\/posts\/9131\/revisions\/9133"}],"wp:featuredmedia":[{"embeddable":true,"href":"http:\/\/www.primeranota.cl\/web\/wp-json\/wp\/v2\/media\/9132"}],"wp:attachment":[{"href":"http:\/\/www.primeranota.cl\/web\/wp-json\/wp\/v2\/media?parent=9131"}],"wp:term":[{"taxonomy":"category","embeddable":true,"href":"http:\/\/www.primeranota.cl\/web\/wp-json\/wp\/v2\/categories?post=9131"},{"taxonomy":"post_tag","embeddable":true,"href":"http:\/\/www.primeranota.cl\/web\/wp-json\/wp\/v2\/tags?post=9131"}],"curies":[{"name":"wp","href":"https:\/\/api.w.org\/{rel}","templated":true}]}}