{"id":9155,"date":"2019-08-01T08:16:09","date_gmt":"2019-08-01T12:16:09","guid":{"rendered":"http:\/\/www.primeranota.cl\/web\/?p=9155"},"modified":"2019-08-01T08:41:20","modified_gmt":"2019-08-01T12:41:20","slug":"vallejo-recodo-a-pinera-compromiso-de-reduccion-de-jornada-laboral","status":"publish","type":"post","link":"http:\/\/www.primeranota.cl\/web\/pais\/vallejo-recodo-a-pinera-compromiso-de-reduccion-de-jornada-laboral\/","title":{"rendered":"Vallejo record\u00f3 a Pi\u00f1era compromiso de reducci\u00f3n de jornada laboral"},"content":{"rendered":"<p>La diputada\u00a0<strong>Camila Vallejo<\/strong>\u00a0(PC) emplaz\u00f3 al\u00a0<strong>Presidente Sebasti\u00e1n Pi\u00f1era<\/strong>\u00a0a apoyar su\u00a0<a href=\"https:\/\/www.cooperativa.cl\/noticias\/pais\/trabajo\/proyectos\/proyecto-de-camila-vallejo-para-reducir-la-jornada-laboral-dio-su-primer\/2019-07-24\/164653.html\" target=\"_blank\" rel=\"noopener noreferrer\"><strong>proyecto de reducci\u00f3n de la jornada laboral de 45 a 40 horas semanales<\/strong>\u00a0<\/a><strong>pidi\u00e9ndole &#8220;cumplir&#8221; una antigua promesa de campa\u00f1a<\/strong>.<\/p>\n<p>A trav\u00e9s de su cuenta de Twitter, la autora de la iniciativa que hace una semana fue aprobada en general por la Comisi\u00f3n de Trabajo de la C\u00e1mara de Diputados record\u00f3 que, en el a\u00f1o<strong>2005<\/strong>, Pi\u00f1era,<strong>\u00a0entonces candidato presidencial de RN<\/strong>, dijo que si llegaba a La Moneda\u00a0<strong>esperaba reducir la jornada laboral a 42 horas semanales para el a\u00f1o 2010<\/strong>, con el objetivo de aumentar el tiempo libre\u00a0<strong>&#8220;para las cosas m\u00e1s importantes de la vida, como la familia&#8221;.<\/strong><\/p>\n<p>Pi\u00f1era hizo esas declaraciones\u00a0<strong>en agosto de 2005<\/strong>, mientras participaba en un seminario organizado por la Agrupaci\u00f3n Nacional de Empleados Fiscales (ANEF), en el que tambi\u00e9n estaban presentes la entonces abanderada de la Concertaci\u00f3n, Michelle Bachelet, que ganar\u00eda las elecciones de ese a\u00f1o; y el candidato del pacto Juntos Podemos, Tom\u00e1s Hirsch.<\/p>\n<p>&#8220;<strong>Creo que es hora de cumplir sus promesas<\/strong>\u00a0con los trabajadores del sector p\u00fablico y promover Ud. mismo la reducci\u00f3n de jornada a los que est\u00e1n por Estatuto Adm(inistrativo)&#8221;, escribi\u00f3 Vallejo en la red social.<\/p>\n<div class=\"teads-inread\">\n<div>\n<div class=\"teads-ui-components-credits\">&#8220;<strong>Las vueltas de la vida (,) Presidente Sebasti\u00e1n Pi\u00f1era! Lo m\u00e1s notable de todo es que Ud. se dirig\u00eda a la @anefchile<\/strong>\u00a0(Agrupaci\u00f3n Nacional de Empleados Fiscales de Chile)&#8221;, subraya el mensaje.<\/div>\n<\/div>\n<\/div>\n<div class=\"SandboxRoot env-bp-350\" data-twitter-event-id=\"0\">\n<div id=\"twitter-widget-0\" class=\"EmbeddedTweet EmbeddedTweet--cta js-clickToOpenTarget\" lang=\"es\" data-click-to-open-target=\"https:\/\/twitter.com\/camila_vallejo\/status\/1156755190764228610\" data-iframe-title=\"Tweet de Twitter\" data-scribe=\"page:tweet\" data-twitter-event-id=\"1\">\n<div class=\"EmbeddedTweet-tweetContainer\">\n<div class=\"EmbeddedTweet-tweet\">\n<blockquote class=\"Tweet h-entry js-tweetIdInfo subject expanded\" cite=\"https:\/\/twitter.com\/camila_vallejo\/status\/1156755190764228610\" data-tweet-id=\"1156755190764228610\" data-scribe=\"section:subject\">\n<div class=\"Tweet-body e-entry-content\" data-scribe=\"component:tweet\">\n<p class=\"Tweet-text e-entry-title\" dir=\"ltr\" lang=\"es\">Las vueltas de la vida Presidente <a class=\"PrettyLink profile customisable h-card\" dir=\"ltr\" href=\"https:\/\/twitter.com\/sebastianpinera\" data-mentioned-user-id=\"13623532\" data-scribe=\"element:mention\"><span class=\"PrettyLink-prefix\">@<\/span><span class=\"PrettyLink-value\">sebastianpinera<\/span><\/a> ! Lo m\u00e1s notable de todo es que Ud se dirig\u00eda a la <a class=\"PrettyLink profile customisable h-card\" dir=\"ltr\" href=\"https:\/\/twitter.com\/anefchile\" data-mentioned-user-id=\"148979668\" data-scribe=\"element:mention\"><span class=\"PrettyLink-prefix\">@<\/span><span class=\"PrettyLink-value\">anefchile<\/span><\/a>. Creo que es hora de cumplir sus promesas con l@s trabajadores del sector p\u00fablico y promover Ud mismo la reducci\u00f3n de jornada a los que est\u00e1n por Estatuto Adm<a class=\"PrettyLink hashtag customisable\" dir=\"ltr\" href=\"https:\/\/twitter.com\/hashtag\/40horas?src=hash\" rel=\"tag\" data-query-source=\"hashtag_click\" data-scribe=\"element:hashtag\"><span class=\"PrettyLink-prefix\">#<\/span><span class=\"PrettyLink-value\">40horas<\/span><\/a><\/p>\n<div class=\"Tweet-card\">\n<article class=\"MediaCard customisable-border\" dir=\"ltr\" data-scribe=\"component:card\">\n<div class=\"MediaCard-mediaContainer MediaCard--roundedTop MediaCard--roundedBottom js-cspForcedStyle\" data-scribe=\"element:photo_grid\" data-style=\"padding-bottom: 50%\">\n<div class=\"MediaCard-mediaAsset ImageGrid ImageGrid--2\"><a class=\"ImageGrid-image ImageGrid-image-0 CroppedImage CroppedImage--fillWidth\" href=\"https:\/\/twitter.com\/camila_vallejo\/status\/1156755190764228610\/photo\/1\"><img decoding=\"async\" loading=\"lazy\" class=\"CroppedImage-image js-cspForcedStyle\" title=\"Ver imagen en Twitter\" src=\"https:\/\/pbs.twimg.com\/media\/EA2esiXW4AUr8Yv?format=jpg&amp;name=small\" alt=\"Ver imagen en Twitter\" width=\"830\" height=\"1200\" data-image=\"https:\/\/pbs.twimg.com\/media\/EA2esiXW4AUr8Yv\" data-image-format=\"jpg\" data-style=\" top:-22%;\" \/><\/a><a class=\"ImageGrid-image ImageGrid-image-1 CroppedImage CroppedImage--fillWidth\" href=\"https:\/\/twitter.com\/camila_vallejo\/status\/1156755190764228610\/photo\/1\"><img decoding=\"async\" loading=\"lazy\" class=\"CroppedImage-image js-cspForcedStyle\" title=\"Ver imagen en Twitter\" src=\"https:\/\/pbs.twimg.com\/media\/EA2etOEXUAEigJo?format=jpg&amp;name=360x360\" alt=\"Ver imagen en Twitter\" width=\"1004\" height=\"1200\" data-image=\"https:\/\/pbs.twimg.com\/media\/EA2etOEXUAEigJo\" data-image-format=\"jpg\" data-style=\" top:-9%;\" \/><\/a><\/div>\n<\/div>\n<\/article>\n<\/div>\n<div class=\"TweetInfo\">\n<div class=\"TweetInfo-like\">\n<div data-scribe=\"element:heart\"><\/div>\n<\/div>\n<div data-scribe=\"element:notice\"><\/div>\n<div class=\"tweet-InformationCircle\" data-scribe=\"element:notice\"><strong>rdo<\/strong>Tras la aprobaci\u00f3n en la Comisi\u00f3n de Trabajo del proyecto impulsado por la diputada Vallejo, la reacci\u00f3n del Gobierno no se hizo esperar, con cr\u00edticas tanto del ministro del Trabajo,<strong>\u00a0Nicol\u00e1s Monckeberg<\/strong>, como del subsecretario de la cartera,\u00a0<strong>Fernando Arab<\/strong>.<\/div>\n<\/div>\n<\/div>\n<\/blockquote>\n<\/div>\n<\/div>\n<\/div>\n<\/div>\n<p>Desde el 1 de enero de 2005, la jornada laboral en Chile se extiende por 45 horas semanales, luego de la reforma que la redujo desde las 48 horas.<\/p>\n","protected":false},"excerpt":{"rendered":"<p>La diputada\u00a0Camila Vallejo\u00a0(PC) emplaz\u00f3 al\u00a0Presidente Sebasti\u00e1n Pi\u00f1era\u00a0a apoyar su\u00a0proyecto de reducci\u00f3n de la jornada laboral de 45 a 40 horas semanales\u00a0pidi\u00e9ndole &#8220;cumplir&#8221; una antigua promesa&#8230;<\/p>\n","protected":false},"author":2,"featured_media":3675,"comment_status":"closed","ping_status":"open","sticky":false,"template":"","format":"standard","meta":{"footnotes":""},"categories":[4,267],"tags":[],"_links":{"self":[{"href":"http:\/\/www.primeranota.cl\/web\/wp-json\/wp\/v2\/posts\/9155"}],"collection":[{"href":"http:\/\/www.primeranota.cl\/web\/wp-json\/wp\/v2\/posts"}],"about":[{"href":"http:\/\/www.primeranota.cl\/web\/wp-json\/wp\/v2\/types\/post"}],"author":[{"embeddable":true,"href":"http:\/\/www.primeranota.cl\/web\/wp-json\/wp\/v2\/users\/2"}],"replies":[{"embeddable":true,"href":"http:\/\/www.primeranota.cl\/web\/wp-json\/wp\/v2\/comments?post=9155"}],"version-history":[{"count":2,"href":"http:\/\/www.primeranota.cl\/web\/wp-json\/wp\/v2\/posts\/9155\/revisions"}],"predecessor-version":[{"id":9166,"href":"http:\/\/www.primeranota.cl\/web\/wp-json\/wp\/v2\/posts\/9155\/revisions\/9166"}],"wp:featuredmedia":[{"embeddable":true,"href":"http:\/\/www.primeranota.cl\/web\/wp-json\/wp\/v2\/media\/3675"}],"wp:attachment":[{"href":"http:\/\/www.primeranota.cl\/web\/wp-json\/wp\/v2\/media?parent=9155"}],"wp:term":[{"taxonomy":"category","embeddable":true,"href":"http:\/\/www.primeranota.cl\/web\/wp-json\/wp\/v2\/categories?post=9155"},{"taxonomy":"post_tag","embeddable":true,"href":"http:\/\/www.primeranota.cl\/web\/wp-json\/wp\/v2\/tags?post=9155"}],"curies":[{"name":"wp","href":"https:\/\/api.w.org\/{rel}","templated":true}]}}