{"id":9161,"date":"2019-08-01T08:33:09","date_gmt":"2019-08-01T12:33:09","guid":{"rendered":"http:\/\/www.primeranota.cl\/web\/?p=9161"},"modified":"2019-08-01T08:33:09","modified_gmt":"2019-08-01T12:33:09","slug":"contraloria-transparenta-gastos-en-publicidad-y-difusion-en-sus-redes-sociales","status":"publish","type":"post","link":"http:\/\/www.primeranota.cl\/web\/pais\/contraloria-transparenta-gastos-en-publicidad-y-difusion-en-sus-redes-sociales\/","title":{"rendered":"Contralor\u00eda transparenta gastos en publicidad y difusi\u00f3n en sus redes sociales"},"content":{"rendered":"<p>Desde la llegada de\u00a0<strong>Contralorito<\/strong>\u00a0a sus redes sociales, las interacciones y presencia en redes sociales de la\u00a0<strong>Contralor\u00eda General de la Rep\u00fablica<\/strong>\u00a0aument\u00f3, siendo ahora una figura reconocible en Twitter que, en palabras sencillas, explica los trabajos que realiza el ente fiscalizador.<\/p>\n<p>Justamente, durante este mi\u00e9rcoles, la cuenta oficial de la instituci\u00f3n decidi\u00f3\u00a0<strong>transparentar cu\u00e1nto les ha costado implementar y cu\u00e1les son los resultados de esta estrategia en redes sociales<\/strong>.<\/p>\n<p>Seg\u00fan detallaron, todo es parte de\u00a0publicidad y difusi\u00f3n de la Estrategia de Redes Sociales del organismo: \u201c<strong>Nuestro gasto en este \u00edtem ha sido $0<\/strong>\u201c.<\/p>\n<div>\n<div class=\"the-banner\">\n<div class=\"rtb_slot only-focus loaded\" data-adunit=\"div-gpt-ad-1526420604766-2-301125\" data-slot=\"\/138734942\/Turner-cnn-Teads\" data-dimensions=\"[300, 250]\">\n<div id=\"div-gpt-ad-1526420604766-2-301125\" data-google-query-id=\"COT3q9zW4eMCFXfF4QodoCcA1w\"><\/div>\n<\/div>\n<\/div>\n<\/div>\n<p>Eso s\u00ed, ante la consulta de un usuario sobre c\u00f3mo puede ser que no existan gastos, siendo que hay cuentas de luz e Internet, la Contralor\u00eda aclar\u00f3 que eso est\u00e1 contemplado en\u00a0gasto \u201cen\u00a0<strong>recursos f\u00edsicos<\/strong>,\u00a0<strong>cuentas de servicios<\/strong>, o\u00a0<strong>gasto en personal<\/strong>, pero estos \u00edtem no corresponden a publicidad y difusi\u00f3n\u201d. En tanto que el sueldo del propio community manager est\u00e1 contemplado en personal.<\/p>\n<p>Junto a lo anterior, tambi\u00e9n entregaron las cifras y\u00a0resultados en alcance y crecimiento\u00a0<strong>desde noviembre de 2017<\/strong>\u00a0hasta\u00a0<strong>junio de 2019<\/strong>en sus cuentas de Facebook y Twitter.<\/p>\n<div>\n<div class=\"the-banner\">\n<div class=\"rtb_slot only-focus loaded\" data-adunit=\"div-gpt-ad-1526420604766-5-301125\" data-slot=\"\/138734942\/Turner-cnn-Inbody-300x250a-art\" data-dimensions=\"[300, 250]\">\n<div id=\"div-gpt-ad-1526420604766-5-301125\" data-google-query-id=\"CNTGmd7W4eMCFSUIwwodUiEJ7A\">\n<div id=\"google_ads_iframe_\/138734942\/Turner-cnn-Inbody-300x250a-art_0__container__\">Por ejemplo, indican que el <strong>alcance promedio<\/strong>\u00a0de una publicaci\u00f3n hasta febrero de 2018 era menor a los 3 mil en ambas redes. Sin embargo, desde la llegada de Contralorito el n\u00famero subi\u00f3 a casi 40 mil.<\/div>\n<\/div>\n<\/div>\n<\/div>\n<\/div>\n<p><img decoding=\"async\" loading=\"lazy\" class=\"alignnone wp-image-301127 size-full\" src=\"https:\/\/media.cnnchile.com\/sites\/2\/2019\/07\/EA13B9mWkAASOnF.png\" sizes=\"(max-width: 2000px) 100vw, 2000px\" srcset=\"\/\/media.cnnchile.com\/sites\/2\/2019\/07\/EA13B9mWkAASOnF.png 2000w, \/\/media.cnnchile.com\/sites\/2\/2019\/07\/EA13B9mWkAASOnF-414x320.png 414w, \/\/media.cnnchile.com\/sites\/2\/2019\/07\/EA13B9mWkAASOnF-768x594.png 768w, \/\/media.cnnchile.com\/sites\/2\/2019\/07\/EA13B9mWkAASOnF-1024x792.png 1024w\" alt=\"\" width=\"2000\" height=\"1546\" \/><\/p>\n<p>Tambi\u00e9n entregaron las<strong>\u00a0impresiones y el alcance real<\/strong>\u00a0de sus publicaciones, las que aumento exponencialmente desde marzo del a\u00f1o pasado. Incluso, marcan un hito de m\u00e1s de 4 millones de personas alcanzadas en mayo de 2018.<\/p>\n<div>\n<div class=\"the-banner\">\n<div class=\"rtb_slot only-focus loaded\" data-adunit=\"div-gpt-ad-1526420604766-8-301125\" data-slot=\"\/138734942\/Turner-cnn-Inbody-300x250b-art\" data-dimensions=\"[300, 250]\">\n<div id=\"div-gpt-ad-1526420604766-8-301125\" data-google-query-id=\"CPSKheDW4eMCFaTt4Qodxv0NtQ\">\n<div id=\"google_ads_iframe_\/138734942\/Turner-cnn-Inbody-300x250b-art_0__container__\"><\/div>\n<\/div>\n<\/div>\n<\/div>\n<\/div>\n<p><img decoding=\"async\" loading=\"lazy\" class=\"alignnone wp-image-301130 size-full\" src=\"https:\/\/media.cnnchile.com\/sites\/2\/2019\/07\/EA13B9vXoAIpRuf.png\" sizes=\"(max-width: 2000px) 100vw, 2000px\" srcset=\"\/\/media.cnnchile.com\/sites\/2\/2019\/07\/EA13B9vXoAIpRuf.png 2000w, \/\/media.cnnchile.com\/sites\/2\/2019\/07\/EA13B9vXoAIpRuf-414x320.png 414w, \/\/media.cnnchile.com\/sites\/2\/2019\/07\/EA13B9vXoAIpRuf-768x594.png 768w, \/\/media.cnnchile.com\/sites\/2\/2019\/07\/EA13B9vXoAIpRuf-1024x792.png 1024w\" alt=\"\" width=\"2000\" height=\"1546\" \/><\/p>\n<p>Por otra parte, la<strong>\u00a0cantidad de seguidores<\/strong>\u00a0tambi\u00e9n ha aumentado en ambas redes sociales donde han implementado la estrategia, cuya cara es el personaje que utiliza iconos de la cultura pop para acercar la informaci\u00f3n de Contralor\u00eda a los chilenos. Esto tambi\u00e9n afect\u00f3 a Instagram, la m\u00e1s reciente de las redes sociales en incorporarse.<\/p>\n<p>Un de los datos m\u00e1s interesantes es que Contralor\u00eda ten\u00eda una mayor piscina de seguidores en Twitter que en Facebook, pero desde julio de 2018, esta \u00faltima red social pas\u00f3 a liderar. Hoy llegan a los 55.567 en<strong>Facebook<\/strong>, 42.431 en\u00a0<strong>Twitter<\/strong>\u00a0y 26.801 en\u00a0<strong>Instagram<\/strong>.<\/p>\n<p><img decoding=\"async\" loading=\"lazy\" class=\"alignnone wp-image-301129 size-full\" src=\"https:\/\/media.cnnchile.com\/sites\/2\/2019\/07\/EA13B9uW4AI9GZ2-1.png\" sizes=\"(max-width: 2000px) 100vw, 2000px\" srcset=\"\/\/media.cnnchile.com\/sites\/2\/2019\/07\/EA13B9uW4AI9GZ2-1.png 2000w, \/\/media.cnnchile.com\/sites\/2\/2019\/07\/EA13B9uW4AI9GZ2-1-414x320.png 414w, \/\/media.cnnchile.com\/sites\/2\/2019\/07\/EA13B9uW4AI9GZ2-1-768x594.png 768w, \/\/media.cnnchile.com\/sites\/2\/2019\/07\/EA13B9uW4AI9GZ2-1-1024x792.png 1024w\" alt=\"\" width=\"2000\" height=\"1546\" \/><\/p>\n","protected":false},"excerpt":{"rendered":"<p>Desde la llegada de\u00a0Contralorito\u00a0a sus redes sociales, las interacciones y presencia en redes sociales de la\u00a0Contralor\u00eda General de la Rep\u00fablica\u00a0aument\u00f3, siendo ahora una figura reconocible&#8230;<\/p>\n","protected":false},"author":2,"featured_media":2214,"comment_status":"closed","ping_status":"open","sticky":false,"template":"","format":"standard","meta":{"footnotes":""},"categories":[4,267],"tags":[],"_links":{"self":[{"href":"http:\/\/www.primeranota.cl\/web\/wp-json\/wp\/v2\/posts\/9161"}],"collection":[{"href":"http:\/\/www.primeranota.cl\/web\/wp-json\/wp\/v2\/posts"}],"about":[{"href":"http:\/\/www.primeranota.cl\/web\/wp-json\/wp\/v2\/types\/post"}],"author":[{"embeddable":true,"href":"http:\/\/www.primeranota.cl\/web\/wp-json\/wp\/v2\/users\/2"}],"replies":[{"embeddable":true,"href":"http:\/\/www.primeranota.cl\/web\/wp-json\/wp\/v2\/comments?post=9161"}],"version-history":[{"count":1,"href":"http:\/\/www.primeranota.cl\/web\/wp-json\/wp\/v2\/posts\/9161\/revisions"}],"predecessor-version":[{"id":9162,"href":"http:\/\/www.primeranota.cl\/web\/wp-json\/wp\/v2\/posts\/9161\/revisions\/9162"}],"wp:featuredmedia":[{"embeddable":true,"href":"http:\/\/www.primeranota.cl\/web\/wp-json\/wp\/v2\/media\/2214"}],"wp:attachment":[{"href":"http:\/\/www.primeranota.cl\/web\/wp-json\/wp\/v2\/media?parent=9161"}],"wp:term":[{"taxonomy":"category","embeddable":true,"href":"http:\/\/www.primeranota.cl\/web\/wp-json\/wp\/v2\/categories?post=9161"},{"taxonomy":"post_tag","embeddable":true,"href":"http:\/\/www.primeranota.cl\/web\/wp-json\/wp\/v2\/tags?post=9161"}],"curies":[{"name":"wp","href":"https:\/\/api.w.org\/{rel}","templated":true}]}}