{"id":9223,"date":"2019-08-05T07:50:25","date_gmt":"2019-08-05T11:50:25","guid":{"rendered":"http:\/\/www.primeranota.cl\/web\/?p=9223"},"modified":"2019-08-05T07:50:25","modified_gmt":"2019-08-05T11:50:25","slug":"jose-antonio-kast-por-caso-catrillanca-no-hubo-asesinato","status":"publish","type":"post","link":"http:\/\/www.primeranota.cl\/web\/pais\/jose-antonio-kast-por-caso-catrillanca-no-hubo-asesinato\/","title":{"rendered":"Jos\u00e9 Antonio Kast por Caso Catrillanca: &#8220;No hubo asesinato&#8221;"},"content":{"rendered":"<p>Este domingo, el ex candidato presidencial\u00a0<strong>Jos\u00e9 Antonio Kast<\/strong>\u00a0analiz\u00f3 en\u00a0<strong>Mesa Central<\/strong>,\u00a0<strong>su inter\u00e9s de ir como carta presidenciable de cara a las elecciones de 2021.\u00a0<\/strong>En la instancia se\u00a0mostr\u00f3 optimista y afirm\u00f3:\u00a0<strong>\u201cVoy a estar en la segunda vuelta\u201d.\u00a0<\/strong><\/p>\n<p>Adem\u00e1s, Kast<strong>\u00a0cuestion\u00f3 el actuar del Presidente Sebasti\u00e1n Pi\u00f1era<\/strong>\u00a0en materia de seguridad y asegur\u00f3 que\u00a0<strong>en el Caso Catrillanca \u201cno hay homicidio\u201d<\/strong>.<\/p>\n<p>Por otra parte cuestion\u00f3 que<strong>\u00a0\u201cla \u00e9lite pol\u00edtica est\u00e1 viviendo en una burbuja en este momento\u201d<\/strong>\u00a0y, por lo mismo, descart\u00f3 su inter\u00e9s, actual, de participar de primarias al Interior de\u00a0<strong>Chile Vamos.\u00a0<\/strong><\/p>\n<p>Sobre otras figuras pol\u00edticas que, eventualmente, podr\u00edan ir como candidatos abord\u00f3 la figura de\u00a0<strong>Joaqu\u00edn Lav\u00edn<\/strong>, con quien marc\u00f3 distancia:\u00a0<strong>\u201cEn dos a\u00f1os m\u00e1s tal vez Joaqu\u00edn Lav\u00edn cambie de actitud y vote por \u00e9l\u201d<\/strong>, agreg\u00f3 al respecto.<\/p>\n<p>Sobre la cercan\u00eda con el oficialismo, coment\u00f3:<strong>\u00a0\u201cQuiero que el Gobierno me invite para explicarle c\u00f3mo adquirir car\u00e1cter\u201d<\/strong>\u00a0y sobre una eventual coalici\u00f3n dijo que ser\u00eda solo \u201celectoral, para derrotar a la izquierda ideol\u00f3gica\u201d.<\/p>\n<p>Junto con eso, afirm\u00f3 que, en un eventual gobierno,\u00a0<strong>no ser\u00eda descabellado incorporar a Jos\u00e9 Pi\u00f1era como parte de su gabinete ministerial.\u00a0<\/strong><\/p>\n<p>En tanto, puntualiz\u00f3 que \u201c<strong>la Ley Antiterrorista tiene menos herramientas que para combatir el robo de cable<\/strong>s (\u2026) el terrorismo no controlado solo se expande, porque hay impunidad\u201d.<\/p>\n<p>Sobre el asesinato del comunero mapuche\u00a0<strong>Camilo Catrillanca<\/strong>, ocurrido el 14 de noviembre de 2018 en la comunidad de Temucuicui en Ercilla,\u00a0 Kast manifest\u00f3 que \u201c<strong>no hubo asesinato, sino un procedimiento policial con un resultado fatal\u201d<\/strong>. Y agreg\u00f3 que \u201ca lo m\u00e1s hay un cuasi delito de homicidio, porque no hay dolo\u201d.<\/p>\n<p>ATON Chile.<\/p>\n","protected":false},"excerpt":{"rendered":"<p>Este domingo, el ex candidato presidencial\u00a0Jos\u00e9 Antonio Kast\u00a0analiz\u00f3 en\u00a0Mesa Central,\u00a0su inter\u00e9s de ir como carta presidenciable de cara a las elecciones de 2021.\u00a0En la instancia&#8230;<\/p>\n","protected":false},"author":2,"featured_media":3342,"comment_status":"closed","ping_status":"open","sticky":false,"template":"","format":"standard","meta":{"footnotes":""},"categories":[4,267],"tags":[],"_links":{"self":[{"href":"http:\/\/www.primeranota.cl\/web\/wp-json\/wp\/v2\/posts\/9223"}],"collection":[{"href":"http:\/\/www.primeranota.cl\/web\/wp-json\/wp\/v2\/posts"}],"about":[{"href":"http:\/\/www.primeranota.cl\/web\/wp-json\/wp\/v2\/types\/post"}],"author":[{"embeddable":true,"href":"http:\/\/www.primeranota.cl\/web\/wp-json\/wp\/v2\/users\/2"}],"replies":[{"embeddable":true,"href":"http:\/\/www.primeranota.cl\/web\/wp-json\/wp\/v2\/comments?post=9223"}],"version-history":[{"count":1,"href":"http:\/\/www.primeranota.cl\/web\/wp-json\/wp\/v2\/posts\/9223\/revisions"}],"predecessor-version":[{"id":9224,"href":"http:\/\/www.primeranota.cl\/web\/wp-json\/wp\/v2\/posts\/9223\/revisions\/9224"}],"wp:featuredmedia":[{"embeddable":true,"href":"http:\/\/www.primeranota.cl\/web\/wp-json\/wp\/v2\/media\/3342"}],"wp:attachment":[{"href":"http:\/\/www.primeranota.cl\/web\/wp-json\/wp\/v2\/media?parent=9223"}],"wp:term":[{"taxonomy":"category","embeddable":true,"href":"http:\/\/www.primeranota.cl\/web\/wp-json\/wp\/v2\/categories?post=9223"},{"taxonomy":"post_tag","embeddable":true,"href":"http:\/\/www.primeranota.cl\/web\/wp-json\/wp\/v2\/tags?post=9223"}],"curies":[{"name":"wp","href":"https:\/\/api.w.org\/{rel}","templated":true}]}}