{"id":9255,"date":"2019-08-06T12:29:29","date_gmt":"2019-08-06T16:29:29","guid":{"rendered":"http:\/\/www.primeranota.cl\/web\/?p=9255"},"modified":"2019-08-06T12:29:29","modified_gmt":"2019-08-06T16:29:29","slug":"senador-quintana-busca-modificaciones-a-la-ley-del-bosque-nativo","status":"publish","type":"post","link":"http:\/\/www.primeranota.cl\/web\/region\/senador-quintana-busca-modificaciones-a-la-ley-del-bosque-nativo\/","title":{"rendered":"Senador Quintana busca modificaciones a la Ley del Bosque Nativo"},"content":{"rendered":"<p><em>El parlamentario de La Araucan\u00eda y presidente del Senado, Jaime Quintana, realiz\u00f3 un conversatorio denominado &#8220;An\u00e1lisis y Propuestas para una Reforma a la Ley de Bosque Nativo de Chile&#8221;, convocando a diversos actores, entre ellos; Corma, representantes del Colegio de Ingenieros Forestales, T\u00e9cnicos Agr\u00edcolas y peque\u00f1os productores campesinos.<\/em><\/p>\n<p><em>\u00a0<\/em><em>\u201cEsta ley tiene como objetivos la protecci\u00f3n, la recuperaci\u00f3n y el mejoramiento de los bosques nativos, con el fin de asegurar la sustentabilidad forestal y la pol\u00edtica ambiental\u201d.<\/em> As\u00ed lo manifiesta el art\u00edculo 19 de la ley n\u00ba 20.283 sobre la recuperaci\u00f3n del bosque nativo y fomento forestal promulgada el a\u00f1o 2008.<\/p>\n<p><strong>Modificar la ley de bosque nativo<\/strong><\/p>\n<p>Coraz\u00f3n de la ley que, para expertos en la materia y peque\u00f1os productores campesinos, no se estar\u00eda cumpliendo. La misma sensaci\u00f3n comparte el senador de La Araucan\u00eda y presidente del Senado, Jaime Quintana, quien manifest\u00f3 la inquietud al Presidente Sebasti\u00e1n Pi\u00f1era, con la finalidad de revisar y realizar modificaciones a la actual norma.<\/p>\n<p><em>\u201cLe hice una propuesta al Presidente Pi\u00f1era, hace un par de meses atr\u00e1s, en orden a que, no puede ser que tengamos una ley vigente, con presupuesto, pero presupuesto que finalmente no se usa\u201d,<\/em> dijo el presidente del Senado.<\/p>\n<p>Quintana adem\u00e1s expres\u00f3 que ante las eventuales deficiencias de la ley <em>\u201clleg\u00f3 el momento de revisarlo. El Presidente se convenci\u00f3 tras la propuesta que le hice de hacer ajustes, le ha encargado al ministro de Agricultura, y me consta, porque me llam\u00f3 el ministro Walker para contarme que se est\u00e1 trabajando en una propuesta, y dado que fue una proposici\u00f3n m\u00eda el hacer una modificaci\u00f3n a la ley de bosque nativo, le hemos planteado al titular de la cartera, que nos d\u00e9 un tiempo para recoger opiniones de personas ligadas a la actividad forestal\u201d.<\/em><\/p>\n<p>En la misma l\u00ednea, el senador Quintan advirti\u00f3 que <em>\u201cesta ley, que (se supone) tiene o tendr\u00eda un impacto muy positivo para La Araucan\u00eda y para otras regiones, especialmente para el sur de Chile, no ha ocurrido. En algunos aspectos se ha transformado en letra muerta, hay muchas trabas para que los productores puedan acceder a los incentivos de ley de bosque nativo\u201d.<\/em><\/p>\n<p><strong>Conversatorio con expertos<\/strong><\/p>\n<p>En ese sentido, el parlamentario de La Araucan\u00eda, Jaime Quintana, convoc\u00f3 a diversos actores a un conversatorio en la capital regional denominado <em>&#8220;An\u00e1lisis y Propuestas para una Reforma a la Ley de Bosque Nativo de Chile&#8221;.<\/em><\/p>\n<p>Entre los asistentes, se dieron cita representantes del Colegio de Ingenieros Forestales de La Araucan\u00eda, Corma, T\u00e9cnicos Agr\u00edcolas y peque\u00f1os productores campesinos de la regi\u00f3n.<\/p>\n<p>Uno de los expertos en la materia que no quiso estar ausente de la convocatoria fue Jan K\u00f6ster, Ingeniero Forestal de profesi\u00f3n y presidente de la Asociaci\u00f3n Chilena de Propietarios de Bosque Nativo, quien valor\u00f3 la invitaci\u00f3n del senador Quintana y su iniciativa de poder modificar la ley con propuestas que nazcan desde la regi\u00f3n.<\/p>\n<p><em>\u201cLo que nos interesa a nosotros, es que en esta regi\u00f3n, donde hay mucho bosque nativo, este bosque nativo le brinde servicios y bienes a los propietarios, a la comunidad local y oportunidades de desarrollo\u201d, <\/em>dijo el presidente de Aprobosque.<\/p>\n<p>Por otra parte, K\u00f6ster asegur\u00f3 que <em>\u201cla ley genera muchas trabas, necesitamos que la Conaf nos acompa\u00f1e t\u00e9cnicamente en el bosque y necesitamos bonificaciones m\u00e1s fuertes y simples de obtener para fomentar que el propietario se quede en su bosque y se haga cargo de \u00e9l\u201d.<\/em><\/p>\n<p>Alda Becerra, presidenta de la Uni\u00f3n Comunal de organizaciones campesinas de Carahue, tambi\u00e9n quiso estar presente en el conversatorio y entregar su visi\u00f3n de la ley y las posibles mejoras que se deben realizar.<\/p>\n<p><em>\u201cEstoy agradecida de la invitaci\u00f3n, porque nosotros como organizaci\u00f3n, siempre hemos pretendido que la ley de bosque nativo se modifique en beneficio de los peque\u00f1os campesinos, porque sentimos que no estamos apoyados por esta ley y nosotros lo \u00fanico que queremos es mantener el bosque y producir de la mejor manera posible. Para eso es necesario e importante tener incentivos que realmente nos favorezcan, porque en estos momentos no lo hace la ley\u201d,<\/em> enfatiz\u00f3 Becerra.<\/p>\n<p>Rodrigo Guti\u00e9rrez, presidente del Colegio de Ingenieros Forestales de La Araucan\u00eda, por su parte asegur\u00f3 que como gremio <em>\u201cexiste preocupaci\u00f3n por el retraso de modificaciones que pueda tener la ley de bosque nativo\u201d.<\/em><\/p>\n<p><em>\u201cNuestra preocupaci\u00f3n pasa porque hay un deterioro de los bosques, no se han incorporado todos los beneficios de la ley de bosque nativo, son m\u00e1s de 10 a\u00f1os donde solo el 14% de estos recursos han sido traspasados a los propietarios, y es momento, con todas las modificaciones estructurales que pretende realizar el Estado, de que los recursos lleguen efectivamente a estas econom\u00edas rurales en pos del manejo sustentable del bosque nativo\u201d,<\/em> sentenci\u00f3 Guti\u00e9rrez.<\/p>\n<p>Por otra parte, el presidente del Senado, Jaime Quintana, asegur\u00f3 que <em>\u201cesto va directamente vinculado al desarrollo de La Araucan\u00eda. Aqu\u00ed hay un porcentaje muy bajo que se est\u00e1 aprovechando y no necesariamente estamos hablando de explotaci\u00f3n, pero aqu\u00ed no estamos cumpliendo una adecuada finalidad productiva, pero tampoco estamos conservando el bosque. O sea, no estamos calificando ni para la COP25 ni para la APEC, dos jornadas que tendr\u00e1n lugar en Chile este a\u00f1o\u201d.<\/em><\/p>\n<p>Finalmente, el parlamentario de La Araucan\u00eda expuso que <em>\u201choy estamos en el peor de los mundos, por lo tanto, hay mucho que mejorar y lo que esperamos es entregar en los pr\u00f3ximos d\u00edas una propuesta que surgi\u00f3 aqu\u00ed, de una mirada muy representativa de personas, expertos y empresarios vinculados al \u00e1rea forestal\u201d.<\/em><\/p>\n","protected":false},"excerpt":{"rendered":"<p>El parlamentario de La Araucan\u00eda y presidente del Senado, Jaime Quintana, realiz\u00f3 un conversatorio denominado &#8220;An\u00e1lisis y Propuestas para una Reforma a la Ley de&#8230;<\/p>\n","protected":false},"author":2,"featured_media":1286,"comment_status":"closed","ping_status":"open","sticky":false,"template":"","format":"standard","meta":{"footnotes":""},"categories":[4,3],"tags":[],"_links":{"self":[{"href":"http:\/\/www.primeranota.cl\/web\/wp-json\/wp\/v2\/posts\/9255"}],"collection":[{"href":"http:\/\/www.primeranota.cl\/web\/wp-json\/wp\/v2\/posts"}],"about":[{"href":"http:\/\/www.primeranota.cl\/web\/wp-json\/wp\/v2\/types\/post"}],"author":[{"embeddable":true,"href":"http:\/\/www.primeranota.cl\/web\/wp-json\/wp\/v2\/users\/2"}],"replies":[{"embeddable":true,"href":"http:\/\/www.primeranota.cl\/web\/wp-json\/wp\/v2\/comments?post=9255"}],"version-history":[{"count":1,"href":"http:\/\/www.primeranota.cl\/web\/wp-json\/wp\/v2\/posts\/9255\/revisions"}],"predecessor-version":[{"id":9256,"href":"http:\/\/www.primeranota.cl\/web\/wp-json\/wp\/v2\/posts\/9255\/revisions\/9256"}],"wp:featuredmedia":[{"embeddable":true,"href":"http:\/\/www.primeranota.cl\/web\/wp-json\/wp\/v2\/media\/1286"}],"wp:attachment":[{"href":"http:\/\/www.primeranota.cl\/web\/wp-json\/wp\/v2\/media?parent=9255"}],"wp:term":[{"taxonomy":"category","embeddable":true,"href":"http:\/\/www.primeranota.cl\/web\/wp-json\/wp\/v2\/categories?post=9255"},{"taxonomy":"post_tag","embeddable":true,"href":"http:\/\/www.primeranota.cl\/web\/wp-json\/wp\/v2\/tags?post=9255"}],"curies":[{"name":"wp","href":"https:\/\/api.w.org\/{rel}","templated":true}]}}