{"id":9271,"date":"2019-08-07T08:15:41","date_gmt":"2019-08-07T12:15:41","guid":{"rendered":"http:\/\/www.primeranota.cl\/web\/?p=9271"},"modified":"2019-08-07T08:15:41","modified_gmt":"2019-08-07T12:15:41","slug":"pinera-por-rebaja-laboral-el-proyecto-del-pc-no-introduce-ninguna-flexibilidad-es-la-misma-rigidez-que-tenemos-hoy","status":"publish","type":"post","link":"http:\/\/www.primeranota.cl\/web\/pais\/pinera-por-rebaja-laboral-el-proyecto-del-pc-no-introduce-ninguna-flexibilidad-es-la-misma-rigidez-que-tenemos-hoy\/","title":{"rendered":"Pi\u00f1era por rebaja laboral: &#8220;El proyecto del PC no introduce ninguna flexibilidad, es la misma rigidez que tenemos hoy&#8221;"},"content":{"rendered":"<p>El Presidente Sebasti\u00e1n Pi\u00f1era se refiri\u00f3 este martes al proyecto de rebaja a la jornada laboral a 40 horas semanales impulsado por la diputada Camila Vallejo (PC), se\u00f1alando que la iniciativa &#8220;no introduce ninguna flexibilidad&#8221; y m\u00e1s bien plantea &#8220;la misma rigidez que tenemos hoy&#8221;.<\/p>\n<p>En entrevista con el matinal &#8220;Mucho Gusto&#8221; de Mega, el Mandatario fue consultado por la iniciativa que, seg\u00fan la \u00faltima encuesta Cadem, tiene un 74% de aprobaci\u00f3n.<\/p>\n<p>&#8220;Aqu\u00ed hay dos proyectos uno es el de la Camila Vallejo que reduce de 45 a 40 horas y nada m\u00e1s. Nosotros tambi\u00e9n presentamos un proyecto que reduce la jornada de 45 a 41 horas, pero que le da mucho m\u00e1s flexibilidad&#8221;, coment\u00f3 Pi\u00f1era.<\/p>\n<p>En ese sentido, a\u00f1adi\u00f3 que &#8220;el proyecto del PC no introduce ninguna flexibilidad, es la misma rigidez que tenemos hoy, nosotros reducimos las horas de trabajo, pero le decimos a las personas; &#8216;le vamos a dar m\u00e1s libertad'&#8221;. Adem\u00e1s, manifest\u00f3 su expectativa de que se note la diferencia, &#8220;cuando la gente vea que nuestro proyecto reduce la jornada de trabajo, pero adem\u00e1s le da la libertad para poder distribuirla (su jornada) de acuerdo a sus preferencias&#8221;.<\/p>\n<p>Econom\u00eda mundial Consultado respecto al panorama econ\u00f3mico, Pi\u00f1era reiter\u00f3 que &#8220;el segundo semestre va a ser mucho mejor que el primero, que a partir del mes de julio que acaba de terminar, y que en pocos d\u00edas m\u00e1s vamos a tener resultados, la econom\u00eda chilena va a experimentar una gran recuperaci\u00f3n y que estamos tomando todas las medidas para que esa recuperaci\u00f3n no solamente sea fuerte, sino que sostenible en el tiempo y que se traduzca en mejores empleos, salarios, m\u00e1s oportunidades para las pymes, una mejor calidad de vida para las personas&#8221;.<\/p>\n<p>&#8220;A pesar del primer semestre que fuero duro y dif\u00edcil, yo quiero decirle a mis compatriotas que no caigamos en la profec\u00eda del autopesimismo, el segundo semestre va a ser mucho mejor&#8221;<\/p>\n<p>Emol<\/p>\n","protected":false},"excerpt":{"rendered":"<p>El Presidente Sebasti\u00e1n Pi\u00f1era se refiri\u00f3 este martes al proyecto de rebaja a la jornada laboral a 40 horas semanales impulsado por la diputada Camila&#8230;<\/p>\n","protected":false},"author":2,"featured_media":4382,"comment_status":"closed","ping_status":"open","sticky":false,"template":"","format":"standard","meta":{"footnotes":""},"categories":[4,267],"tags":[],"_links":{"self":[{"href":"http:\/\/www.primeranota.cl\/web\/wp-json\/wp\/v2\/posts\/9271"}],"collection":[{"href":"http:\/\/www.primeranota.cl\/web\/wp-json\/wp\/v2\/posts"}],"about":[{"href":"http:\/\/www.primeranota.cl\/web\/wp-json\/wp\/v2\/types\/post"}],"author":[{"embeddable":true,"href":"http:\/\/www.primeranota.cl\/web\/wp-json\/wp\/v2\/users\/2"}],"replies":[{"embeddable":true,"href":"http:\/\/www.primeranota.cl\/web\/wp-json\/wp\/v2\/comments?post=9271"}],"version-history":[{"count":1,"href":"http:\/\/www.primeranota.cl\/web\/wp-json\/wp\/v2\/posts\/9271\/revisions"}],"predecessor-version":[{"id":9272,"href":"http:\/\/www.primeranota.cl\/web\/wp-json\/wp\/v2\/posts\/9271\/revisions\/9272"}],"wp:featuredmedia":[{"embeddable":true,"href":"http:\/\/www.primeranota.cl\/web\/wp-json\/wp\/v2\/media\/4382"}],"wp:attachment":[{"href":"http:\/\/www.primeranota.cl\/web\/wp-json\/wp\/v2\/media?parent=9271"}],"wp:term":[{"taxonomy":"category","embeddable":true,"href":"http:\/\/www.primeranota.cl\/web\/wp-json\/wp\/v2\/categories?post=9271"},{"taxonomy":"post_tag","embeddable":true,"href":"http:\/\/www.primeranota.cl\/web\/wp-json\/wp\/v2\/tags?post=9271"}],"curies":[{"name":"wp","href":"https:\/\/api.w.org\/{rel}","templated":true}]}}