{"id":9302,"date":"2019-08-08T07:43:28","date_gmt":"2019-08-08T11:43:28","guid":{"rendered":"http:\/\/www.primeranota.cl\/web\/?p=9302"},"modified":"2019-08-08T07:43:48","modified_gmt":"2019-08-08T11:43:48","slug":"senador-huenchumilla-por-ley-antiterrorista-esta-enferma-esta-cuestionada-no-tiene-legitimidad","status":"publish","type":"post","link":"http:\/\/www.primeranota.cl\/web\/pais\/senador-huenchumilla-por-ley-antiterrorista-esta-enferma-esta-cuestionada-no-tiene-legitimidad\/","title":{"rendered":"Senador Huenchumilla por Ley Antiterrorista: &#8220;est\u00e1 enferma, est\u00e1 cuestionada, no tiene legitimidad&#8221;"},"content":{"rendered":"<div id=\"title-top-photo\" class=\"container\">\n<div class=\"row\">\n<div class=\"col-lg-13 col-md-13 col-sm-12\">\n<p class=\"lead\">En conversaci\u00f3n con T13 Noche, el senador DC rechaz\u00f3 la aprobaci\u00f3n de la llamada &#8220;Ley Corta Antiterrorista&#8221;, ya que &#8220;mal podemos hacer una ley corta para aplic\u00e1rsela a una ley enferma&#8221;.<\/p>\n<\/div>\n<\/div>\n<\/div>\n<p>Durante este mi\u00e9rcoles, y luego de una extensa discusi\u00f3n, la<strong> sala del Senado\u00a0aprob\u00f3 en general\u00a0la idea de legislar el proyecto\u00a0<\/strong>sobre la utilizaci\u00f3n de medios especiales contra delitos terroristas, denominada\u00a0<strong>&#8220;Ley Corta Antiterrorista&#8221;<\/strong>.<\/p>\n<div id=\"article-main-content\">\n<div class=\"article-content\">\n<div id=\"dfp-inread\" data-google-query-id=\"CKf9ycWY8-MCFZMdhwod_OgAfA\">\n<div id=\"google_ads_iframe_\/112372207\/INREAD\/t13.cl\/inread.desktop_0__container__\">\n<div>\n<div id=\"sas_container_8908746\">\n<div id=\"sas_divAbs_8908746\">\n<div id=\"sas_divFix_8908746\">\n<div id=\"sas_divCreativeHolder_8908746\">Con 32 votos a favor, 6 en contra y 5 abstenciones, se aprob\u00f3 el proyecto que modifica el art\u00edculo 226 bis del C\u00f3digo Procesal Penal para permitir la\u00a0<strong>utilizaci\u00f3n de t\u00e9cnicas especiales de investigaci\u00f3n en la persecuci\u00f3n de delitos considerados como terroristas<\/strong>.<\/div>\n<\/div>\n<\/div>\n<\/div>\n<\/div>\n<\/div>\n<\/div>\n<p>Respecto a esto, el\u00a0<strong>senador DC Francisco Huenchumilla<\/strong>\u00a0indic\u00f3 en\u00a0<strong>T13 Noche\u00a0<\/strong>que lo anterior &#8220;fue una comedia de equivocaciones&#8221;, aludiendo a que &#8220;<strong>la Ley Antiterrorista est\u00e1 enferma<\/strong>, est\u00e1 cuestionada, no tiene legitimidad.<strong>\u00a0Entonces mal podemos hacer una ley corta para aplic\u00e1rsela a una ley enferma<\/strong>&#8220;.<\/p>\n<p>&#8220;Yo sosten\u00eda que deb\u00edamos llegar a un acuerdo con el Gobierno para modificar la Ley Antiterrorista que es el fondo del problema&#8221;, explic\u00f3 el senador. Adem\u00e1s a\u00f1adi\u00f3 que ese fue su motivo para votar en contra el proyecto.<\/p>\n<p>Por \u00faltimo, Huenchumilla fue enf\u00e1tico en se\u00f1alar que &#8220;hoy d\u00eda estamos en el\u00a0peor de los mundos;\u00a0tenemos una ley antiterrorista que es mala y\u00a0deslegitimada, con la guinda de la torta que es la ley corta (&#8230;) entonces\u00a0<strong>el resultado que ha sido todo esto es p\u00e9simo del punto de vista de los que somos la oposici\u00f3n<\/strong>&#8220;, sentenci\u00f3.<\/p>\n<\/div>\n<\/div>\n","protected":false},"excerpt":{"rendered":"<p>En conversaci\u00f3n con T13 Noche, el senador DC rechaz\u00f3 la aprobaci\u00f3n de la llamada &#8220;Ley Corta Antiterrorista&#8221;, ya que &#8220;mal podemos hacer una ley corta&#8230;<\/p>\n","protected":false},"author":2,"featured_media":2525,"comment_status":"closed","ping_status":"open","sticky":false,"template":"","format":"standard","meta":{"footnotes":""},"categories":[4,267],"tags":[],"_links":{"self":[{"href":"http:\/\/www.primeranota.cl\/web\/wp-json\/wp\/v2\/posts\/9302"}],"collection":[{"href":"http:\/\/www.primeranota.cl\/web\/wp-json\/wp\/v2\/posts"}],"about":[{"href":"http:\/\/www.primeranota.cl\/web\/wp-json\/wp\/v2\/types\/post"}],"author":[{"embeddable":true,"href":"http:\/\/www.primeranota.cl\/web\/wp-json\/wp\/v2\/users\/2"}],"replies":[{"embeddable":true,"href":"http:\/\/www.primeranota.cl\/web\/wp-json\/wp\/v2\/comments?post=9302"}],"version-history":[{"count":2,"href":"http:\/\/www.primeranota.cl\/web\/wp-json\/wp\/v2\/posts\/9302\/revisions"}],"predecessor-version":[{"id":9304,"href":"http:\/\/www.primeranota.cl\/web\/wp-json\/wp\/v2\/posts\/9302\/revisions\/9304"}],"wp:featuredmedia":[{"embeddable":true,"href":"http:\/\/www.primeranota.cl\/web\/wp-json\/wp\/v2\/media\/2525"}],"wp:attachment":[{"href":"http:\/\/www.primeranota.cl\/web\/wp-json\/wp\/v2\/media?parent=9302"}],"wp:term":[{"taxonomy":"category","embeddable":true,"href":"http:\/\/www.primeranota.cl\/web\/wp-json\/wp\/v2\/categories?post=9302"},{"taxonomy":"post_tag","embeddable":true,"href":"http:\/\/www.primeranota.cl\/web\/wp-json\/wp\/v2\/tags?post=9302"}],"curies":[{"name":"wp","href":"https:\/\/api.w.org\/{rel}","templated":true}]}}