{"id":9344,"date":"2019-08-10T09:13:45","date_gmt":"2019-08-10T13:13:45","guid":{"rendered":"http:\/\/www.primeranota.cl\/web\/?p=9344"},"modified":"2019-08-10T09:13:45","modified_gmt":"2019-08-10T13:13:45","slug":"gobierno-confirmo-que-flexibilidad-de-jornada-laboral-sera-para-las-empresas-y-no-para-los-trabajadores","status":"publish","type":"post","link":"http:\/\/www.primeranota.cl\/web\/pais\/gobierno-confirmo-que-flexibilidad-de-jornada-laboral-sera-para-las-empresas-y-no-para-los-trabajadores\/","title":{"rendered":"Gobierno confirm\u00f3 que flexibilidad de jornada laboral ser\u00e1 para las empresas y no para los trabajadores"},"content":{"rendered":"<p>El ministro de Econom\u00eda,\u00a0<strong>Juan Andr\u00e9s Fontaine,<\/strong>\u00a0apunt\u00f3 que el proyecto que busca reducir la\u00a0<a href=\"https:\/\/www.cooperativa.cl\/noticias\/pais\/trabajo\/proyectos\/gobierno-propone-jornada-laboral-de-41-horas-pero-con-flexibilidad\/2019-08-08\/154938.html\">jornada laboral a 41 horas semanales<\/a>\u00a0tiene la &#8220;flexibilidad necesaria para que las\u00a0<strong>empresas encuentren como ocupar mejor el tiempo<\/strong>&#8221; y la productividad de los trabajadores.<\/p>\n<p>El titular de Econom\u00eda admiti\u00f3 que los\u00a0<strong>cambios en el proyecto original no implican ninguna novedad y que la flexibilidad apuntar\u00e1 a las empresas y no a los trabajadores.<\/strong><\/p>\n<p>&#8220;Esto va a ser un promedio definido en base trimestral de 41 horas, que es semejante a lo que est\u00e1 en el proyecto original, pero ah\u00ed era una opci\u00f3n, ahora esta\u00a0<strong>pasa a ser la norma<\/strong>&#8220;, explic\u00f3 Fontaine.<\/p>\n<p>&#8220;A diferencia del proyecto que ha presentado el Partido Comunista, este proyecto combina la reducci\u00f3n de la jornada con la flexibilidad necesaria para que las\u00a0<strong>empresas encuentren c\u00f3mo ocupar mejor el tiempo en el cual los trabajadores pueden ser m\u00e1s productivos<\/strong>&#8220;, agreg\u00f3.<\/p>\n<p>El ministro del Trabajo,<strong>\u00a0Nicol\u00e1s Monckeberg<\/strong>, asegur\u00f3 en\u00a0<strong>Cooperativa<\/strong>\u00a0que\u00a0<a href=\"https:\/\/www.cooperativa.cl\/noticias\/pais\/trabajo\/proyectos\/ministro-monckeberg-nuestro-proyecto-tiene-100-articulos-y-el-de\/2019-08-09\/091110.html\">el proyecto del Gobierno no tiene la rigidez<\/a>\u00a0de la iniciativa presentada por la diputada Camila Vallejo (PC), que postula una baja hasta las 40 horas.<\/p>\n<p>&#8220;Compartimos el objetivo con la diputada Camila Vallejo, reducir la jornada de trabajo, porque al final el objetivo \u00faltimo del\u00a0<strong>crecimiento econ\u00f3mico<\/strong>\u00a0es mejorar la calidad de vida de los ciudadanos&#8221;, dijo.<\/p>\n<p>Por su parte, parlamentarios de Chile Vamos han cuestionado el manejo pol\u00edtico del Ejecutivo en este proyecto y<strong>\u00a0se han desmarcado del mismo<\/strong>, como la diputada RN\u00a0<strong>Ximena Ossand\u00f3n<\/strong>, que afirm\u00f3 que &#8220;ambos proyectos laborales tienen defectos&#8221;, solo que en el caso del Gobierno &#8220;plantear que el trabajador podr\u00e1 rechazar o aceptar el requerimiento del empleador,\u00a0<strong>es no decir la verdad<\/strong>&#8220;.<\/p>\n<p>&#8220;Todos sabemos que el due\u00f1o mueve para arriba la ceja y el empleado debe acatar&#8221;, agreg\u00f3.<\/p>\n<p>Cooperativa<\/p>\n","protected":false},"excerpt":{"rendered":"<p>El ministro de Econom\u00eda,\u00a0Juan Andr\u00e9s Fontaine,\u00a0apunt\u00f3 que el proyecto que busca reducir la\u00a0jornada laboral a 41 horas semanales\u00a0tiene la &#8220;flexibilidad necesaria para que las\u00a0empresas encuentren&#8230;<\/p>\n","protected":false},"author":2,"featured_media":2333,"comment_status":"closed","ping_status":"open","sticky":false,"template":"","format":"standard","meta":{"footnotes":""},"categories":[4,267],"tags":[],"_links":{"self":[{"href":"http:\/\/www.primeranota.cl\/web\/wp-json\/wp\/v2\/posts\/9344"}],"collection":[{"href":"http:\/\/www.primeranota.cl\/web\/wp-json\/wp\/v2\/posts"}],"about":[{"href":"http:\/\/www.primeranota.cl\/web\/wp-json\/wp\/v2\/types\/post"}],"author":[{"embeddable":true,"href":"http:\/\/www.primeranota.cl\/web\/wp-json\/wp\/v2\/users\/2"}],"replies":[{"embeddable":true,"href":"http:\/\/www.primeranota.cl\/web\/wp-json\/wp\/v2\/comments?post=9344"}],"version-history":[{"count":1,"href":"http:\/\/www.primeranota.cl\/web\/wp-json\/wp\/v2\/posts\/9344\/revisions"}],"predecessor-version":[{"id":9345,"href":"http:\/\/www.primeranota.cl\/web\/wp-json\/wp\/v2\/posts\/9344\/revisions\/9345"}],"wp:featuredmedia":[{"embeddable":true,"href":"http:\/\/www.primeranota.cl\/web\/wp-json\/wp\/v2\/media\/2333"}],"wp:attachment":[{"href":"http:\/\/www.primeranota.cl\/web\/wp-json\/wp\/v2\/media?parent=9344"}],"wp:term":[{"taxonomy":"category","embeddable":true,"href":"http:\/\/www.primeranota.cl\/web\/wp-json\/wp\/v2\/categories?post=9344"},{"taxonomy":"post_tag","embeddable":true,"href":"http:\/\/www.primeranota.cl\/web\/wp-json\/wp\/v2\/tags?post=9344"}],"curies":[{"name":"wp","href":"https:\/\/api.w.org\/{rel}","templated":true}]}}