{"id":9351,"date":"2019-08-10T09:26:40","date_gmt":"2019-08-10T13:26:40","guid":{"rendered":"http:\/\/www.primeranota.cl\/web\/?p=9351"},"modified":"2019-08-10T14:22:13","modified_gmt":"2019-08-10T18:22:13","slug":"las-acusaciones-entre-fuad-chahin-y-el-jefe-de-bancada-rd","status":"publish","type":"post","link":"http:\/\/www.primeranota.cl\/web\/pais\/las-acusaciones-entre-fuad-chahin-y-el-jefe-de-bancada-rd\/","title":{"rendered":"Las acusaciones entre Fuad Chahin  y el jefe de bancada RD"},"content":{"rendered":"<p>Conversar sobre el panorama de la pol\u00edtica actual. Ese era el objetivo del<strong>seminario \u201c\u00bfHacia d\u00f3nde va la derecha y la izquierda en Chile?\u201d<\/strong>\u00a0que reuni\u00f3 ayer en la Universidad del Desarrollo, en dos paneles separados por sector, a diferentes dirigentes pol\u00edticos.<\/p>\n<p>Por cerca de una hora y media, en el espacio dedicado para la centroizquierda, estuvo la\u00a0<strong>presidenta de Chile 21, Gloria de la Fuente<\/strong>; el\u00a0<strong>expresidente del PS, Osvaldo Andrade<\/strong>; el\u00a0<strong>timonel de la DC, Fuad Chahin<\/strong>; y el<strong>\u00a0jefe de la bancada de diputados de RD, Pablo Vida<\/strong>l, conversando sobre el desorden que atraviesa al sector y la necesidad de generar un marco com\u00fan entre los partidos.<\/p>\n<p>Y, a pesar de que durante las primeras intervenciones los panelistas se refirieron, principalmente, a sus propios partidos y a hacer una autocr\u00edtica a la centroizquierda, fue\u00a0<strong>Chahin<\/strong>, la segunda vez que habl\u00f3, quien fue m\u00e1s all\u00e1 y critic\u00f3 duramente al Frente Amplio.<\/p>\n<div class=\"single-oferta-contenidos\">\n<p>\u201cHoy, sinceramente, tenemos muchas diferencias. <strong>No le conozco muchas propuestas al Frente Amplio<\/strong>\u00a0(\u2026) en el Parlamento, m\u00e1s all\u00e1 de la rebaja de la dieta, no les conozco una idea ni propuesta n\u00edtida que de alguna manera pueda diferenciarlos\u201d, dijo\u00a0<strong>Chahin.<\/strong><\/p>\n<\/div>\n<p>Y, sin darse por aludido, ante el intento de ser interrumpirlo por el diputado de RD, el exparlamentario continu\u00f3: \u201cNo critico cuando ellos votan que no a todo porque no es exactamente como quieren, es parte de lo que representan y es leg\u00edtimo. Pero cuando se te acusa y descalifica porque piensas distinto o porque crees que es posible avanzar a partir de los acuerdos, entonces hay una actitud absolutamente autoritaria, donde si no tienes la misma posici\u00f3n del Frente Amplio te transformas en un traidor\u201d, afirm\u00f3.<\/p>\n<p>En esa l\u00ednea, el exdiputado sigui\u00f3 con sus descargos, donde\u00a0<strong>calific\u00f3 la actitud de no querer conversar con quien piensa distinto como \u201ccobarde\u201d<\/strong>, pero\u00a0<strong>tambi\u00e9n critic\u00f3 a su propio sector<\/strong>. Seg\u00fan explic\u00f3,<strong>\u00a0sus \u201caliados hist\u00f3ricos\u201d han intentado pasar \u201cm\u00e1s a la izquierda\u201d<\/strong>, debido a que estar\u00edan \u201caterrados por lo que significa el Frente Amplio\u201d y debido a esto est\u00e1n dejando de ocupar \u201cel espacio de una izquierda socialdem\u00f3crata liberal, que no tiene ning\u00fan complejo de hablar de crecimiento econ\u00f3mico, como en alg\u00fan momento lo represent\u00f3 el PS, el PPD\u201d.<\/p>\n<p>As\u00ed,\u00a0<strong>tras terminar de hablar<\/strong>, el dirigente democratacristiano abandon\u00f3 r\u00e1pidamente el panel -debido, seg\u00fan explic\u00f3, a topes de agenda-\u00a0<strong>sin escuchar a Vidal<\/strong>, quien pidi\u00f3 la palabra sobre el final del panel, espec\u00edficamente para responderle a Chahin.<\/p>\n<p>\u201cEn la expresi\u00f3n donde \u00e9l dice que no conoce ninguna propuesta del Frente Amplio, creo que hay una carga de caricatura y soberbia brutal\u201d, afirm\u00f3 el parlamentario. Asimismo agreg\u00f3 que \u201chace menos de un mes estuvimos en la oficina del ministro del Interior entreg\u00e1ndole un paquete de propuestas sobre los temas que el gobierno nos pidi\u00f3, las tenemos y \u00e9l las conoce. Ah\u00ed es donde se dificulta el di\u00e1logo, si no nos reconocemos unos a otros como igualmente actores posibles de dialogar, es dif\u00edcil hacerlo\u201d, sentenci\u00f3.<\/p>\n","protected":false},"excerpt":{"rendered":"<p>Conversar sobre el panorama de la pol\u00edtica actual. Ese era el objetivo delseminario \u201c\u00bfHacia d\u00f3nde va la derecha y la izquierda en Chile?\u201d\u00a0que reuni\u00f3 ayer&#8230;<\/p>\n","protected":false},"author":2,"featured_media":5285,"comment_status":"closed","ping_status":"open","sticky":false,"template":"","format":"standard","meta":{"footnotes":""},"categories":[4,267],"tags":[],"_links":{"self":[{"href":"http:\/\/www.primeranota.cl\/web\/wp-json\/wp\/v2\/posts\/9351"}],"collection":[{"href":"http:\/\/www.primeranota.cl\/web\/wp-json\/wp\/v2\/posts"}],"about":[{"href":"http:\/\/www.primeranota.cl\/web\/wp-json\/wp\/v2\/types\/post"}],"author":[{"embeddable":true,"href":"http:\/\/www.primeranota.cl\/web\/wp-json\/wp\/v2\/users\/2"}],"replies":[{"embeddable":true,"href":"http:\/\/www.primeranota.cl\/web\/wp-json\/wp\/v2\/comments?post=9351"}],"version-history":[{"count":2,"href":"http:\/\/www.primeranota.cl\/web\/wp-json\/wp\/v2\/posts\/9351\/revisions"}],"predecessor-version":[{"id":9356,"href":"http:\/\/www.primeranota.cl\/web\/wp-json\/wp\/v2\/posts\/9351\/revisions\/9356"}],"wp:featuredmedia":[{"embeddable":true,"href":"http:\/\/www.primeranota.cl\/web\/wp-json\/wp\/v2\/media\/5285"}],"wp:attachment":[{"href":"http:\/\/www.primeranota.cl\/web\/wp-json\/wp\/v2\/media?parent=9351"}],"wp:term":[{"taxonomy":"category","embeddable":true,"href":"http:\/\/www.primeranota.cl\/web\/wp-json\/wp\/v2\/categories?post=9351"},{"taxonomy":"post_tag","embeddable":true,"href":"http:\/\/www.primeranota.cl\/web\/wp-json\/wp\/v2\/tags?post=9351"}],"curies":[{"name":"wp","href":"https:\/\/api.w.org\/{rel}","templated":true}]}}