{"id":9372,"date":"2019-08-12T08:27:23","date_gmt":"2019-08-12T12:27:23","guid":{"rendered":"http:\/\/www.primeranota.cl\/web\/?p=9372"},"modified":"2019-08-12T08:27:48","modified_gmt":"2019-08-12T12:27:48","slug":"los-desencuentros-en-la-administracion-del-senado-y-la-camara","status":"publish","type":"post","link":"http:\/\/www.primeranota.cl\/web\/pais\/los-desencuentros-en-la-administracion-del-senado-y-la-camara\/","title":{"rendered":"Los desencuentros en la administraci\u00f3n del Senado y la C\u00e1mara"},"content":{"rendered":"<p>El viernes pasado se realiz\u00f3 un simulacro de evacuaci\u00f3n en el Congreso por el posible hallazgo de una bomba. En la actividad participaron los funcionarios del Senado -siguiendo la instrucci\u00f3n del secretario de la instituci\u00f3n y ex fiscal Ra\u00fal Guzm\u00e1n- y el personal de la Biblioteca del Congreso.<\/p>\n<p>Desde la C\u00e1mara de Diputados anunciaron en un principio que no se plegar\u00edan, pero finalmente s\u00ed se sumaron a la actividad.<\/p>\n<p>La vicepresidenta de la Corporaci\u00f3n, diputada Loreto Carvajal (PPD), confirm\u00f3 a Emol el mi\u00e9rcoles que no se sumar\u00edan aludiendo a que &#8220;no es el momento&#8221; y que tampoco quer\u00edan participar de algo de forma apresurada, solo siguiendo la coyuntura medi\u00e1tica a ra\u00edz de los \u00faltimos casos relacionados a artefactos explosivos. Pero luego, el jueves, el secretario Miguel Landeros inform\u00f3 que en la comisi\u00f3n de R\u00e9gimen se decidi\u00f3 finalmente plegarse a la actividad, y as\u00ed lo hicieron. Y el viernes, al hacer una evaluaci\u00f3n del ejercicio, anunciaron que tras afinar sus protocolos internos organizar\u00e1n su propio simulacro incluyendo a los parlamentarios. La posici\u00f3n de la C\u00e1mara caus\u00f3 molestia en el Senado y desde la comisi\u00f3n de R\u00e9gimen Interno elaboraron una declaraci\u00f3n p\u00fablica, que finalmente sali\u00f3 firmada por Guzm\u00e1n, en donde resaltaban que el ejercicio fue coordinado y elaborado entre ambas corporaciones, descartando que haya sido solo impulsada por la C\u00e1mara Alta y rechazando que su origen tenga que ver con hechos contingentes, sino que por el contrario, es parte de sus protocolos.<\/p>\n<p>Esta no es la primera descoordinaci\u00f3n que se ha evidenciado entre ambas instituciones este a\u00f1o, en el que asumieron como presidentes el senador Jaime Quintana (PPD) y el diputado Iv\u00e1n Flores (DC), respectivamente. M\u00e1s bien viene a confirmar que la agenda de ambos parlamentarios no siempre ha estado alineada pese a ser ambos de la oposici\u00f3n. Cuenta P\u00fablica I Por ejemplo, en la pasada Cuenta P\u00fablica del Presidente Sebasti\u00e1n Pi\u00f1era, ocurrida el pasado 1 de junio, ambas C\u00e1mara tomaron decisiones diferentes. Los diputados optaron por cambiar la semana distrital -per\u00edodo en que trabajan en sus regiones- para hacerla coincidir con el feriado del 21 de mayo y as\u00ed estar de regreso la semana siguiente, cuando ser\u00eda el discurso presidencial. Adem\u00e1s, de esta forma no se perder\u00edan sesiones ya que ese feriado era martes, d\u00eda en que trabajan en Sala.<\/p>\n<p>En la mesa de la C\u00e1mara tambi\u00e9n destacaron que esto les permiti\u00f3 ahorrar costos, pues los diputados permanecieron la semana completa en Valpara\u00edso y no hubo que considerar dos traslados desde sus distritos. Sin embargo, en el Senado no se aplic\u00f3 la misma l\u00f3gica y dejaron como distrital la semana del 1 de junio, esto signific\u00f3 que perdieron una sesi\u00f3n y solo debieron ir al Congreso por un d\u00eda en la semana siguiente, a escuchar al Mandatario. Pero la Cuenta P\u00fablica tambi\u00e9n mostr\u00f3 otro desencuentro. Y es que el Presidente Pi\u00f1era solicit\u00f3 un cambio de horario en el discurso y logr\u00f3 que la ceremonia se realizara en horario prime y no al mediod\u00eda como sol\u00eda suceder.<\/p>\n<p>El senador Quintana coment\u00f3 que ya hab\u00eda conversado con la ministra de la Segegob, Cecilia P\u00e9rez, y su par de la Segpres, Gonzalo Blumel, sobre el tema y se mostr\u00f3 abierto al cambio. Pero el diputado Flores, si bien dijo estar disponible al nuevo horario, evidenci\u00f3 su molestia por no haber sido notificado por el Gobierno, sino que se enter\u00f3 al ser consultado por los medios de comunicaci\u00f3n. Cuenta P\u00fablica II Pero la otra Cuenta P\u00fablica del Congreso, aquella que realizan los l\u00edderes del Senado y la C\u00e1mara, tambi\u00e9n incomod\u00f3 las relaciones de Flores y Quintana. Seg\u00fan el art\u00edculo 56 bis de la Constituci\u00f3n chilena &#8220;durante el mes de julio de cada a\u00f1o, el Presidente del Senado y el Presidente de la C\u00e1mara de Diputados dar\u00e1n cuenta p\u00fablica al pa\u00eds, en sesi\u00f3n del Congreso Pleno, de las actividades realizadas por las Corporaciones que presiden&#8221;. Seg\u00fan se\u00f1alaron fuentes del Senado a Emol, el timonel de la C\u00e1mara solicit\u00f3 a Quintana -incluso mediante oficios- para que la rendici\u00f3n de sus trabajos fuera hecha al final del a\u00f1o legislativo y no el 23 de julio, como estaba programada.<\/p>\n<p>Su argumento habr\u00eda sido validado por el senador, pues apela a que es ah\u00ed cuando pueden comentar lo que realmente hicieron y no a mitad de a\u00f1o, pero debi\u00f3 responderle con una negativa ya que la fecha est\u00e1 establecida en la Carta Magna y no se puede hacer el cambio v\u00eda reglamento, sino que s\u00f3lo a trav\u00e9s de una reforma constitucional. El traslado del Congreso Uno de los \u00faltimos temas que salieron a la luz y que estuvieron de acuerdo en el fondo, pero no en la forma de informarse, fue en la posibilidad de abandonar el edificio de Valpara\u00edso y funcionar de forma permanente en el conocido ahora como ex Congreso de Santiago. NOTICIA<\/p>\n<p>El diputado Flores dio el primer golpe al se\u00f1alar que hab\u00eda ordenado un estudio de evaluaci\u00f3n de gastos del traslado, considerando que en lo inmediato hay que reparar el inmueble porte\u00f1o, por lo que su idea podr\u00eda sustentarse en que ser\u00eda m\u00e1s barato volver a la capital que intervenir el otro. El senador Quintana respald\u00f3 la idea, pero cercanos a \u00e9l comentaron que se enter\u00f3 por la informaci\u00f3n en los medios de comunicaci\u00f3n sobre la idea de su par de la C\u00e1mara y el tema nunca fue conversado previamente entre ambos. El canal Otro asunto en el que actuaron de maneras separadas, pero tratando algo que les incumbe a ambas instituciones, es lo relacionado a la opci\u00f3n de tener un canal por televisi\u00f3n abierta.<\/p>\n<p>El Consejo Nacional de Televisi\u00f3n estableci\u00f3 la imposibilidad de otorgar una concesi\u00f3n al Parlamento, y ante esta resoluci\u00f3n el senador Quintana se reuni\u00f3 en abril pasado, junto a otros parlamentarios, con parte del directorio de Televisi\u00f3n Nacional para analizar la posibilidad de transmitir por una se de sus se\u00f1ales digitales. Pero el lunes reci\u00e9n pasado el presidente de la C\u00e1mara fue m\u00e1s all\u00e1 y se reuni\u00f3 con el presidente del directorio de la se\u00f1al estatal, Bruno Baranda, con el fin de analizar esta alternativa. E incluso el mismo d\u00eda sostuvo un encuentro con la ministra P\u00e9rez para hablar sobre su idea de trasladar el Congreso a Santiago, pero tambi\u00e9n trat\u00f3 el tema de poder emitir en una se\u00f1al abierta de libre recepci\u00f3n no experimental<\/p>\n<p>Fuente: Emol.com<\/p>\n","protected":false},"excerpt":{"rendered":"<p>El viernes pasado se realiz\u00f3 un simulacro de evacuaci\u00f3n en el Congreso por el posible hallazgo de una bomba. En la actividad participaron los funcionarios&#8230;<\/p>\n","protected":false},"author":2,"featured_media":3806,"comment_status":"closed","ping_status":"open","sticky":false,"template":"","format":"standard","meta":{"footnotes":""},"categories":[4,267],"tags":[],"_links":{"self":[{"href":"http:\/\/www.primeranota.cl\/web\/wp-json\/wp\/v2\/posts\/9372"}],"collection":[{"href":"http:\/\/www.primeranota.cl\/web\/wp-json\/wp\/v2\/posts"}],"about":[{"href":"http:\/\/www.primeranota.cl\/web\/wp-json\/wp\/v2\/types\/post"}],"author":[{"embeddable":true,"href":"http:\/\/www.primeranota.cl\/web\/wp-json\/wp\/v2\/users\/2"}],"replies":[{"embeddable":true,"href":"http:\/\/www.primeranota.cl\/web\/wp-json\/wp\/v2\/comments?post=9372"}],"version-history":[{"count":1,"href":"http:\/\/www.primeranota.cl\/web\/wp-json\/wp\/v2\/posts\/9372\/revisions"}],"predecessor-version":[{"id":9373,"href":"http:\/\/www.primeranota.cl\/web\/wp-json\/wp\/v2\/posts\/9372\/revisions\/9373"}],"wp:featuredmedia":[{"embeddable":true,"href":"http:\/\/www.primeranota.cl\/web\/wp-json\/wp\/v2\/media\/3806"}],"wp:attachment":[{"href":"http:\/\/www.primeranota.cl\/web\/wp-json\/wp\/v2\/media?parent=9372"}],"wp:term":[{"taxonomy":"category","embeddable":true,"href":"http:\/\/www.primeranota.cl\/web\/wp-json\/wp\/v2\/categories?post=9372"},{"taxonomy":"post_tag","embeddable":true,"href":"http:\/\/www.primeranota.cl\/web\/wp-json\/wp\/v2\/tags?post=9372"}],"curies":[{"name":"wp","href":"https:\/\/api.w.org\/{rel}","templated":true}]}}