{"id":9425,"date":"2019-08-14T09:07:56","date_gmt":"2019-08-14T13:07:56","guid":{"rendered":"http:\/\/www.primeranota.cl\/web\/?p=9425"},"modified":"2019-08-14T09:07:56","modified_gmt":"2019-08-14T13:07:56","slug":"senado-aprobo-en-general-proyecto-de-ley-de-migraciones","status":"publish","type":"post","link":"http:\/\/www.primeranota.cl\/web\/pais\/senado-aprobo-en-general-proyecto-de-ley-de-migraciones\/","title":{"rendered":"Senado aprob\u00f3 en general proyecto de ley de Migraciones"},"content":{"rendered":"<p>La sala del Senado aprob\u00f3 en general esta noche, con 41 votos a favor,\u00a0 el\u00a0<strong>proyecto de ley de Migraciones<\/strong>, iniciativa impulsada por el Ejecutivo que busca\u00a0reemplazar a la\u00a0<strong>Ley de Extranjer\u00eda que data desde 1975\u00a0<\/strong>y actualmente regula esta materia.<\/p>\n<p>La iniciativa, ahora deber\u00e1 volver a ser vista por la Comisi\u00f3n de Gobierno Interior para discutir indicaciones.<\/p>\n<p>Uno de los objetivos de la normativa es velar por una \u201c<strong>migraci\u00f3n segura, ordenada y regulada\u201d\u00a0<\/strong>-un mensaje que ha sido repetido en reiteradas ocasiones el Presidente Sebasti\u00e1n Pi\u00f1era- y<strong>\u00a0<\/strong>que contempla el\u00a0leg\u00edtimo derecho del Estado y sus ciudadanos de normar la forma en que los extranjeros ingresan y permanecen en el pa\u00eds, pero tambi\u00e9n el respeto y garant\u00eda de los derechos fundamentales de los migrantes.<\/p>\n<div class=\"single-oferta-contenidos\">\n<p>Con esto se busca adem\u00e1s establecer una<strong>\u00a0\u201cigualdad de derechos y obligaciones\u201d<\/strong>\u00a0lo que significa que\u00a0<strong>\u201cel Estado promover\u00e1 los derechos que le asisten a los extranjeros en Chile, as\u00ed como tambi\u00e9n los deberes y obligaciones establecidos en la Constituci\u00f3n Pol\u00edtica de la Rep\u00fablica y las leyes\u201d.<\/strong><\/p>\n<\/div>\n<h2>Las modificaciones<\/h2>\n<h3>Categor\u00edas migratorias<\/h3>\n<div>\n<hr \/>\n<p>Aparte de la visa de\u00a0<strong>Turismo o Permanencia Transitoria<\/strong>, que\u00a0<strong>autoriza al extranjero a permanecer en Chile por un per\u00edodo de 90 d\u00edas con prohibici\u00f3n de realizar actividades remuneradas<\/strong>, se construye un\u00a0<strong>sistema de categor\u00edas sucesivas que reflejan el grado de arraigo que el extranjero va desarrollando en el pa\u00eds<\/strong>.<\/p>\n<p>La novedad la constituye la<strong>\u00a0Residencia Temporal<\/strong>\u00a0que,\u00a0<strong>no podr\u00e1 solicitarse dentro de Chile<\/strong>, con la sola excepci\u00f3n de<strong>\u00a0quienes acrediten tener v\u00ednculos de familia con chilenos o con residentes definitivos<\/strong>,<strong>\u00a0aquellos cuya estad\u00eda sea concordante con los objetivos de la Pol\u00edtica Nacional de Migraci\u00f3n y Extranjer\u00eda<\/strong>, y\u00a0<strong>en otros casos debidamente calificados por la Subsecretar\u00eda del Interior<\/strong>.<\/p>\n<hr \/>\n<\/div>\n<h3>Nueva institucionalidad<\/h3>\n<div>\n<hr \/>\n<p><strong>Consejo de Pol\u00edtica Migratoria<\/strong><\/p>\n<p>Su tarea ser\u00e1<strong>\u00a0formular y actualizar sistem\u00e1ticamente y de forma peri\u00f3dica una pol\u00edtica migratoria clara para el pa\u00eds<\/strong>. El Consejo asesora al Presidente, a trav\u00e9s del Ministro del Interior y Seguridad P\u00fablica, en la formulaci\u00f3n de la Pol\u00edtica Nacional de Migraci\u00f3n y sus modificaciones, solicita informes de avance de planes sectoriales sobre la materia, solicita informes t\u00e9cnicos y recomienda cursos de acci\u00f3n sobre materia migratoria a organismos p\u00fablicos.<\/p>\n<p>El proyecto de ley\u00a0<strong>deja en manos de este consejo la tarea de crear y actualizar peri\u00f3dicamente las subcategor\u00edas de residencia temporal<\/strong>\u00a0que estime oportunas, fijando adem\u00e1s sus requisitos.<\/p>\n<hr \/>\n<\/div>\n<div>\n<hr \/>\n<p><strong>Servicio Nacional de Migraciones<\/strong><\/p>\n<p>Se entiende como u<strong>n servicio p\u00fablico descentralizado, dotado de personalidad jur\u00eddica y patrimonio propios, sometido a la supervigilancia del Presidente de la Rep\u00fablica<\/strong>\u00a0por intermedio del Ministerio del Interior y Seguridad P\u00fablica. Tendr\u00e1 la estructura y capacidad para llevar adelante este desaf\u00edo como ejecutor de la pol\u00edtica, no s\u00f3lo como un mero gestor de tr\u00e1mites sino como el canal estatal para\u00a0<strong>relacionarse con los migrantes y difundir y promover sus derechos y obligaciones<\/strong>. Su principal funci\u00f3n es llevar a cabo la Pol\u00edtica Nacional de Migraci\u00f3n y Extranjer\u00eda y las acciones, planes y programas necesarios para su ejecuci\u00f3n.<\/p>\n<hr \/>\n<\/div>\n<div>\n<hr \/>\n<p><strong>Ministerio del Interior y Seguridad P\u00fablica<\/strong><\/p>\n<p>Ser\u00e1 la Secretar\u00eda de Estado encargada de colaborar con el Presidente de la Rep\u00fablica en la\u00a0<strong>formulaci\u00f3n, implementaci\u00f3n y supervisi\u00f3n de pol\u00edticas, planes y programas en materia de migraci\u00f3n<\/strong>, con especial \u00e9nfasis en la\u00a0<strong>protecci\u00f3n de los derechos de los extranjeros<\/strong>. Dentro de sus funciones est\u00e1\u00a0<strong>supervisar el cumplimiento de los objetivos de la Pol\u00edtica Nacional de Migraci\u00f3n y Extranjer\u00eda, proponer las reformas legislativas o administrativas que considere necesarias para su correcta aplicaci\u00f3n y colaborar con los ministerios sectoriales en la formulaci\u00f3n de criterios migratorios en la elaboraci\u00f3n de sus planes y pol\u00edticas<\/strong>, evaluaciones estrat\u00e9gicas y procesos de planificaci\u00f3n, as\u00ed como en la de sus servicios dependientes y relacionados, entre otros.<\/p>\n<\/div>\n","protected":false},"excerpt":{"rendered":"<p>La sala del Senado aprob\u00f3 en general esta noche, con 41 votos a favor,\u00a0 el\u00a0proyecto de ley de Migraciones, iniciativa impulsada por el Ejecutivo que&#8230;<\/p>\n","protected":false},"author":2,"featured_media":5206,"comment_status":"closed","ping_status":"open","sticky":false,"template":"","format":"standard","meta":{"footnotes":""},"categories":[4,267],"tags":[],"_links":{"self":[{"href":"http:\/\/www.primeranota.cl\/web\/wp-json\/wp\/v2\/posts\/9425"}],"collection":[{"href":"http:\/\/www.primeranota.cl\/web\/wp-json\/wp\/v2\/posts"}],"about":[{"href":"http:\/\/www.primeranota.cl\/web\/wp-json\/wp\/v2\/types\/post"}],"author":[{"embeddable":true,"href":"http:\/\/www.primeranota.cl\/web\/wp-json\/wp\/v2\/users\/2"}],"replies":[{"embeddable":true,"href":"http:\/\/www.primeranota.cl\/web\/wp-json\/wp\/v2\/comments?post=9425"}],"version-history":[{"count":1,"href":"http:\/\/www.primeranota.cl\/web\/wp-json\/wp\/v2\/posts\/9425\/revisions"}],"predecessor-version":[{"id":9426,"href":"http:\/\/www.primeranota.cl\/web\/wp-json\/wp\/v2\/posts\/9425\/revisions\/9426"}],"wp:featuredmedia":[{"embeddable":true,"href":"http:\/\/www.primeranota.cl\/web\/wp-json\/wp\/v2\/media\/5206"}],"wp:attachment":[{"href":"http:\/\/www.primeranota.cl\/web\/wp-json\/wp\/v2\/media?parent=9425"}],"wp:term":[{"taxonomy":"category","embeddable":true,"href":"http:\/\/www.primeranota.cl\/web\/wp-json\/wp\/v2\/categories?post=9425"},{"taxonomy":"post_tag","embeddable":true,"href":"http:\/\/www.primeranota.cl\/web\/wp-json\/wp\/v2\/tags?post=9425"}],"curies":[{"name":"wp","href":"https:\/\/api.w.org\/{rel}","templated":true}]}}