{"id":9497,"date":"2019-08-18T09:38:24","date_gmt":"2019-08-18T13:38:24","guid":{"rendered":"http:\/\/www.primeranota.cl\/web\/?p=9497"},"modified":"2019-08-18T09:38:24","modified_gmt":"2019-08-18T13:38:24","slug":"chahin-munoz-y-elizalde-con-la-propuesta-de-union-y-acuerdo-de-guillier","status":"publish","type":"post","link":"http:\/\/www.primeranota.cl\/web\/pais\/chahin-munoz-y-elizalde-con-la-propuesta-de-union-y-acuerdo-de-guillier\/","title":{"rendered":"Chah\u00edn, Mu\u00f1oz y Elizalde con la propuesta de &#8220;uni\u00f3n y acuerdo&#8221; de Guillier"},"content":{"rendered":"<p>Este s\u00e1bado el ex candidato presidencial y actual senador, Alejandro Guillier (ind), manifest\u00f3 a La Tercera que si los partidos de oposici\u00f3n no se pon\u00edan de acuerdo, iban a &#8220;perder las pr\u00f3ximas elecciones&#8221;.<\/p>\n<p>A eso, el tambi\u00e9n periodista a\u00f1adi\u00f3 que &#8220;necesitamos un gran acuerdo program\u00e1tico para forjar una alianza social y pol\u00edtica que le d\u00e9 a Chile respuestas a sus problemas reales&#8221;.<\/p>\n<p>En entrevista con Emol, Heraldo Mu\u00f1oz, presidente del Partido Por la Democracia (PPD), respondi\u00f3 a la propuesta de Guillier se\u00f1alando que &#8220;no es el momento de acuerdos program\u00e1ticos, porque eso implica el conformar alianzas pol\u00edticas program\u00e1ticas y creo que ser\u00eda m\u00e1s \u00fatil y menos ambicioso apuntar a entendimientos unitarios electorales para las elecciones municipales&#8221;. Pero, explic\u00f3 que el ex candidato presidencial &#8220;tiene raz\u00f3n en el sentido que tambi\u00e9n estas candidaturas municipales tienen que tener un sustento en t\u00e9rminos de propuestas de gobernancia local&#8221;. &#8220;Hay varias oposiciones, y yo, por lo menos, he manifestado que debi\u00e9ramos pensar en t\u00e9rminos de geometr\u00eda variable, donde con algunos partidos podamos concordar alianzas program\u00e1ticas y con esos partidos podemos tener pactos electorales. En todo caso, me parece importante el criterio de la unidad m\u00e1s amplia posible&#8221;, a\u00f1adi\u00f3 el ex ministro de RR.EE..<\/p>\n<p>Por su parte, para el presidente del Partido Socialista, \u00c1lvaro Elizalde, es &#8220;evidente&#8221; que si no hay entendimiento en las fuerzas progresistas &#8220;para abogar esfuerzos ante los desaf\u00edos futuros, el resultado no va a ser positivo&#8221; en los comicios de 2020. &#8220;Podemos ser mayor\u00eda en la sociedad, pero sin unidad vamos a ser derrotados electoralmente. Por eso, creemos que se debe actuar con el m\u00e1ximo de responsabilidad para promover todas las iniciativas de convergencia que necesitan fortalecer la unidad de todas las fuerzas progresistas&#8221;, sentenci\u00f3. &#8220;Podemos ser mayor\u00eda en la sociedad, pero sin unidad vamos a ser derrotados electoralmente&#8221; \u00c1lvaro Elizalde, presidente PS Por otro lado, el l\u00edder de la Democracia Cristiana, Fuad Chah\u00edn, cree que es m\u00e1s importante a\u00fan &#8220;ponernos de acuerdo en los objetivos comunes que tenemos (con los partidos) y, para eso, creo que lo m\u00e1s importante es tratar de construir un acuerdo electoral para las pr\u00f3ximas elecciones de alcaldes y de gobernadores regionales&#8221;.<\/p>\n<p>Pero, respecto a un posible acuerdo program\u00e1tico en la oposici\u00f3n, es reticente. &#8220;Yo creo que viene despu\u00e9s, sobre todo para poder intentar construir una coalici\u00f3n de Gobierno. A m\u00ed la verdad me cuesta imaginar que podamos tener una sola coalici\u00f3n de Gobierno con los partidos que hoy est\u00e1n en la oposici\u00f3n, somos partidos distintos&#8221;, explic\u00f3 Chah\u00edn a Emol. &#8220;Primero partamos por tratar de ponernos de acuerdo en lo que es m\u00e1s f\u00e1cil, que son los objetivos electorales para las elecciones de alcaldes y de gobernadores regionales, y tratar de fijar una estrategia com\u00fan, que nos permita llegar con candidatos \u00fanicos resueltos democr\u00e1ticamente&#8221;, agreg\u00f3. Para finalizar, el presidente de la DC asegur\u00f3: &#8220;Si no somos capaces de ponernos de acuerdo en lo meramente electoral para estas elecciones, va a ser mucho m\u00e1s dif\u00edcil para lo otro&#8221;.<\/p>\n<p>Fuente: Emol.com<\/p>\n","protected":false},"excerpt":{"rendered":"<p>Este s\u00e1bado el ex candidato presidencial y actual senador, Alejandro Guillier (ind), manifest\u00f3 a La Tercera que si los partidos de oposici\u00f3n no se pon\u00edan&#8230;<\/p>\n","protected":false},"author":2,"featured_media":2880,"comment_status":"closed","ping_status":"open","sticky":false,"template":"","format":"standard","meta":{"footnotes":""},"categories":[4,267],"tags":[],"_links":{"self":[{"href":"http:\/\/www.primeranota.cl\/web\/wp-json\/wp\/v2\/posts\/9497"}],"collection":[{"href":"http:\/\/www.primeranota.cl\/web\/wp-json\/wp\/v2\/posts"}],"about":[{"href":"http:\/\/www.primeranota.cl\/web\/wp-json\/wp\/v2\/types\/post"}],"author":[{"embeddable":true,"href":"http:\/\/www.primeranota.cl\/web\/wp-json\/wp\/v2\/users\/2"}],"replies":[{"embeddable":true,"href":"http:\/\/www.primeranota.cl\/web\/wp-json\/wp\/v2\/comments?post=9497"}],"version-history":[{"count":1,"href":"http:\/\/www.primeranota.cl\/web\/wp-json\/wp\/v2\/posts\/9497\/revisions"}],"predecessor-version":[{"id":9498,"href":"http:\/\/www.primeranota.cl\/web\/wp-json\/wp\/v2\/posts\/9497\/revisions\/9498"}],"wp:featuredmedia":[{"embeddable":true,"href":"http:\/\/www.primeranota.cl\/web\/wp-json\/wp\/v2\/media\/2880"}],"wp:attachment":[{"href":"http:\/\/www.primeranota.cl\/web\/wp-json\/wp\/v2\/media?parent=9497"}],"wp:term":[{"taxonomy":"category","embeddable":true,"href":"http:\/\/www.primeranota.cl\/web\/wp-json\/wp\/v2\/categories?post=9497"},{"taxonomy":"post_tag","embeddable":true,"href":"http:\/\/www.primeranota.cl\/web\/wp-json\/wp\/v2\/tags?post=9497"}],"curies":[{"name":"wp","href":"https:\/\/api.w.org\/{rel}","templated":true}]}}