{"id":9556,"date":"2019-08-21T08:24:13","date_gmt":"2019-08-21T12:24:13","guid":{"rendered":"http:\/\/www.primeranota.cl\/web\/?p=9556"},"modified":"2019-08-21T08:24:13","modified_gmt":"2019-08-21T12:24:13","slug":"fa-decide-no-firmar-acusacion-constitucional-del-ps-contra-ministra-de-educacion","status":"publish","type":"post","link":"http:\/\/www.primeranota.cl\/web\/pais\/fa-decide-no-firmar-acusacion-constitucional-del-ps-contra-ministra-de-educacion\/","title":{"rendered":"FA decide no firmar acusaci\u00f3n constitucional del PS contra ministra de Educaci\u00f3n"},"content":{"rendered":"<p>Tras sostener una reuni\u00f3n almuerzo esta jornada, parlamentarios del\u00a0<strong>Frente Amplio<\/strong>\u00a0decidieron no firmar la acusaci\u00f3n constitucional que est\u00e1 impulsando el Partido Socialista contra la\u00a0<strong>ministra de Educaci\u00f3n, Marcela Cubillos.<\/strong><br \/>\nLos socialistas cuestionan a la ministra por la posible utilizaci\u00f3n de recursos p\u00fablicos para informar acerca del sistema de admisi\u00f3n; la falta de antecedentes sobre la implementaci\u00f3n de la Ley de Centros de Formaci\u00f3n T\u00e9cnica Estatales y una supuesta negligencia en la aplicaci\u00f3n de la ley, de nueva educaci\u00f3n p\u00fablica.<\/p>\n<p>Los diputados del Frente Amplio\u00a0<strong>cuestionaron que no se les haya entregado para analizar los argumentos jur\u00eddicos antes de que se presente el texto este jueves en la Sala.\u00a0<\/strong><\/p>\n<div class=\"teads-inread\">\n<div>\n<div class=\"teads-ui-components-credits\">No obstante, dejaron claro que s\u00ed coinciden con las cr\u00edticas a la gesti\u00f3n de la titular del Mineduc, por lo cual no descartan sumarse cuando la iniciativa sea vista en el Hemiciclo.<\/div>\n<\/div>\n<\/div>\n","protected":false},"excerpt":{"rendered":"<p>Tras sostener una reuni\u00f3n almuerzo esta jornada, parlamentarios del\u00a0Frente Amplio\u00a0decidieron no firmar la acusaci\u00f3n constitucional que est\u00e1 impulsando el Partido Socialista contra la\u00a0ministra de Educaci\u00f3n,&#8230;<\/p>\n","protected":false},"author":2,"featured_media":7568,"comment_status":"closed","ping_status":"open","sticky":false,"template":"","format":"standard","meta":{"footnotes":""},"categories":[4,267],"tags":[],"_links":{"self":[{"href":"http:\/\/www.primeranota.cl\/web\/wp-json\/wp\/v2\/posts\/9556"}],"collection":[{"href":"http:\/\/www.primeranota.cl\/web\/wp-json\/wp\/v2\/posts"}],"about":[{"href":"http:\/\/www.primeranota.cl\/web\/wp-json\/wp\/v2\/types\/post"}],"author":[{"embeddable":true,"href":"http:\/\/www.primeranota.cl\/web\/wp-json\/wp\/v2\/users\/2"}],"replies":[{"embeddable":true,"href":"http:\/\/www.primeranota.cl\/web\/wp-json\/wp\/v2\/comments?post=9556"}],"version-history":[{"count":1,"href":"http:\/\/www.primeranota.cl\/web\/wp-json\/wp\/v2\/posts\/9556\/revisions"}],"predecessor-version":[{"id":9557,"href":"http:\/\/www.primeranota.cl\/web\/wp-json\/wp\/v2\/posts\/9556\/revisions\/9557"}],"wp:featuredmedia":[{"embeddable":true,"href":"http:\/\/www.primeranota.cl\/web\/wp-json\/wp\/v2\/media\/7568"}],"wp:attachment":[{"href":"http:\/\/www.primeranota.cl\/web\/wp-json\/wp\/v2\/media?parent=9556"}],"wp:term":[{"taxonomy":"category","embeddable":true,"href":"http:\/\/www.primeranota.cl\/web\/wp-json\/wp\/v2\/categories?post=9556"},{"taxonomy":"post_tag","embeddable":true,"href":"http:\/\/www.primeranota.cl\/web\/wp-json\/wp\/v2\/tags?post=9556"}],"curies":[{"name":"wp","href":"https:\/\/api.w.org\/{rel}","templated":true}]}}