{"id":9579,"date":"2019-08-22T08:15:38","date_gmt":"2019-08-22T12:15:38","guid":{"rendered":"http:\/\/www.primeranota.cl\/web\/?p=9579"},"modified":"2019-08-22T08:15:38","modified_gmt":"2019-08-22T12:15:38","slug":"el-5-de-septiembre-se-presentara-acusacion-constitucional-contra-ministra-de-educacion","status":"publish","type":"post","link":"http:\/\/www.primeranota.cl\/web\/pais\/el-5-de-septiembre-se-presentara-acusacion-constitucional-contra-ministra-de-educacion\/","title":{"rendered":"El 5 de septiembre se presentar\u00e1 acusaci\u00f3n constitucional contra ministra de Educaci\u00f3n"},"content":{"rendered":"<p>Se confirma que esta semana no ser\u00e1 presentada la acusaci\u00f3n constitucional en contra de la\u00a0<strong>ministra de Educaci\u00f3n<\/strong>\u00a0y hay un nuevo plazo, seg\u00fan dio a conocer\u00a0<strong>el presidente del Partido Por la Democracia, Ricardo Celis.<\/strong><\/p>\n<p>Al respecto, se\u00f1al\u00f3 que\u00a0<strong>&#8220;hemos acordado como oposici\u00f3n presentarla el d\u00eda 5 de septiembre&#8221;<\/strong>, dando a conocer posteriormente los argumentos.<\/p>\n<p>&#8220;<strong>Hoy se entrega el documento jur\u00eddico.\u00a0<\/strong>Se han juntado nuevos elementos en la reuni\u00f3n, en funci\u00f3n de la Comisi\u00f3n de Presupuesto y en relaci\u00f3n de la ejecuci\u00f3n presupuestaria, que suman y hacen necesaria tomar un tiempo m\u00e1s para redactar el documento&#8221;, dijo.<\/p>\n<p>Cabe se\u00f1alar que por esta situaci\u00f3n, se ha generado un distanciamiento entre el Partido Socialista y el Gobierno,\u00a0<strong>tras los dichos de la vocera Cecilia P\u00e9rez, con respecto a las vinculaciones de la bancada con el narcotr\u00e1fico.<\/strong><\/p>\n","protected":false},"excerpt":{"rendered":"<p>Se confirma que esta semana no ser\u00e1 presentada la acusaci\u00f3n constitucional en contra de la\u00a0ministra de Educaci\u00f3n\u00a0y hay un nuevo plazo, seg\u00fan dio a conocer\u00a0el&#8230;<\/p>\n","protected":false},"author":2,"featured_media":7568,"comment_status":"closed","ping_status":"open","sticky":false,"template":"","format":"standard","meta":{"footnotes":""},"categories":[4,267],"tags":[],"_links":{"self":[{"href":"http:\/\/www.primeranota.cl\/web\/wp-json\/wp\/v2\/posts\/9579"}],"collection":[{"href":"http:\/\/www.primeranota.cl\/web\/wp-json\/wp\/v2\/posts"}],"about":[{"href":"http:\/\/www.primeranota.cl\/web\/wp-json\/wp\/v2\/types\/post"}],"author":[{"embeddable":true,"href":"http:\/\/www.primeranota.cl\/web\/wp-json\/wp\/v2\/users\/2"}],"replies":[{"embeddable":true,"href":"http:\/\/www.primeranota.cl\/web\/wp-json\/wp\/v2\/comments?post=9579"}],"version-history":[{"count":1,"href":"http:\/\/www.primeranota.cl\/web\/wp-json\/wp\/v2\/posts\/9579\/revisions"}],"predecessor-version":[{"id":9580,"href":"http:\/\/www.primeranota.cl\/web\/wp-json\/wp\/v2\/posts\/9579\/revisions\/9580"}],"wp:featuredmedia":[{"embeddable":true,"href":"http:\/\/www.primeranota.cl\/web\/wp-json\/wp\/v2\/media\/7568"}],"wp:attachment":[{"href":"http:\/\/www.primeranota.cl\/web\/wp-json\/wp\/v2\/media?parent=9579"}],"wp:term":[{"taxonomy":"category","embeddable":true,"href":"http:\/\/www.primeranota.cl\/web\/wp-json\/wp\/v2\/categories?post=9579"},{"taxonomy":"post_tag","embeddable":true,"href":"http:\/\/www.primeranota.cl\/web\/wp-json\/wp\/v2\/tags?post=9579"}],"curies":[{"name":"wp","href":"https:\/\/api.w.org\/{rel}","templated":true}]}}