{"id":9849,"date":"2019-09-06T12:30:54","date_gmt":"2019-09-06T16:30:54","guid":{"rendered":"http:\/\/www.primeranota.cl\/web\/?p=9849"},"modified":"2019-09-06T12:30:54","modified_gmt":"2019-09-06T16:30:54","slug":"recuerdos-del-pasado-carta-climatica-al-senador-kast","status":"publish","type":"post","link":"http:\/\/www.primeranota.cl\/web\/opinion\/recuerdos-del-pasado-carta-climatica-al-senador-kast\/","title":{"rendered":"Recuerdos del pasado: Carta clim\u00e1tica al Senador Kast"},"content":{"rendered":"<p>Senador Kast. Hace unos d\u00edas\u00a0 usted\u00a0 coment\u00f3 en Twitter que le parece incre\u00edble que en pleno septiembre de 2019 se sigue hablando de Allende y Pinochet, cuando deber\u00edamos estar hablando de Cambio Clim\u00e1tico y Revoluci\u00f3n Digital.<\/p>\n<p>Veamos Senador.\u00a0 Tendr\u00e1 algo que ver Pinochet con el Cambio Clim\u00e1tico?\u00a0 Bueno, examinemos algunas de las\u00a0 decisiones de su r\u00e9gimen.<\/p>\n<p>A-Derogacion de la Ley de desarrollo urbano en 1979. Esto permiti\u00f3 el hipercrecimiento urbano\u00a0 sin l\u00edmites al considerarse el suelo como un bien que deb\u00eda regularse solamente por las leyes del mercado. Reci\u00e9n a mediados d e los 90 se pudieron hacer correcciones al respecto pero los l\u00edmites urbanos, de la\u00a0 ciudad de Santiago por ejemplo, ya estaban ampliados.<\/p>\n<p>B- Cuando Miguel Kast desde Odeplan comenz\u00f3 a hablar de &#8220;honogenizacion social&#8221; era porque ya ten\u00edan el dise\u00f1o del proceso de erradicaci\u00f3n de pobladores, quienes fueron llevados a zonas peri urbanas. En Santiago, La Pintana fue una de las comunas que m\u00e1s recibi\u00f3 erradicados junto con El Bosque. Llevarlos a los extramuros de la ciudad fue tambi\u00e9n una\u00a0 manera de ampliar la &#8220;Mancha urbana&#8221;<\/p>\n<p>Supongo que se entiende la relaci\u00f3n que existe entre ciudades hipercrecidas y sin planificaci\u00f3n con el Calentamiento Global.<\/p>\n<p>C- El decreto 701 que seguro conoce y que ha permitido la plantaci\u00f3n de miles de hect\u00e1reas de pino y eucalyptus en regiones como El Maule y La Araucania, son parte de los factores que originan la crisis hidrica, debido al consumo de agua de estas explotaciones forestales. La p\u00e9rdida de bosque nativo a manos de las forestales es tambi\u00e9n un factor del Calentamiento Global. El decreto 701 fue publicado el 15 de octubre de 1974 .bajo el gobierno de Pinochet. Por cierto, es lamentable\u00a0 que los\u00a0 gobiernos democr\u00e1ticos no hayan\u00a0 hecho mucho por eliminarlo o corregirlo y por el contrario\u00a0\u00a0 bajo el\u00a0 gobierno de Frei Ruiz Tagle el se prorrog\u00f3 por 15 a\u00f1os.<\/p>\n<p>D- En 1981 se derog\u00f3 el decreto que obligaba a las constructoras privadas a instalar la correspondiente infraestructura para la evacuaci\u00f3n de aguas lluvias. Y bueno, cada vez que nuestras ciudades\u00a0 se inundan, ese decreto ronda en el ambiente.<\/p>\n<p>E- Todo el aparataje jur\u00eddico que sustenta la sobre explotaci\u00f3n de los recursos hidricos fue establecido durante la dictadura de Pinochet y ha sido muy complejo de desmontar. Nuestra crisis hidrica no es solamente por falta de lluvias es tambi\u00e9n el saqueo de un recurso que supuestamente es de los chilenos y chilenas. Creo \u00a0que\u00a0 usted entiende la relaci\u00f3n del agua, el calentamiento global y el Cambio Clim\u00e1tico.<\/p>\n<p>F- Se\u00a0 que usted viaj\u00f3 a Cuba\u00a0 para estudiar marxismo, entonces creo que comprende las categor\u00edas anal\u00edticas de ese m\u00e9todo de interpretaci\u00f3n de la realidad. OK, seguro no las comparte pero le contar\u00e9 que la forma de producci\u00f3n del espacio en nuestro pa\u00eds est\u00e1 intr\u00ednsecamente vinculado al experimento neoliberal que Pinochet encabez\u00f3 y que el sector pol\u00edtico del que usted es parte apoy\u00f3 con entusiasmo. La privatizaci\u00f3n de empresas p\u00fablicas y su l\u00f3gica de producci\u00f3n sin ninguna\u00a0 preocupaci\u00f3n por el medioambiente fue la t\u00f3nica\u00a0 en los 80 y bien entrados los 90.<\/p>\n<p>G- El Estado sin musculatura y el mercado como \u00fanico &#8220;regulador&#8221;\u00a0 y asignador de recursos ha sido la filosof\u00eda b\u00e1sica de la econom\u00eda de esos a\u00f1os y que se ha proyectado en el tiempo .<\/p>\n<p>Este fue un fen\u00f3meno mundial Senador. Usted es economista y sabe de los cambios que vivi\u00f3 el mundo a fines de\u00a0 los 70 y comienzos de los 80. Mientras en Chile\u00a0 Pinochet tomaba importantes decisiones de impacto territorial, por esa misma \u00e9poca\u00a0 asum\u00eda la Thatcher en Inglaterra con la misma ideolog\u00eda de Estado peque\u00f1o y subsidiario. Tambi\u00e9n asum\u00eda Reagan en Estados Unidos, recortando gasto p\u00fablico y programas sociales y al igual que en Chile, desregulando la actividad econom\u00edca porque bajo la ideolog\u00eda neoliberal solamente as\u00ed\u00a0 creen que\u00a0 hay crecimiento y desarrollo.<\/p>\n<p>Y bajo el modelo neoliberal\u00a0 creci\u00f3 tanto el consumo y la econom\u00eda que el planeta se ha ido quedando sin recursos por la sobre explotaci\u00f3n de los mismos<\/p>\n<p>Entonces hablemos de Cambio Clim\u00e1tico\u00a0 Senador Kast\u00a0 pero no nos olvidemos desde que matriz productiva y modelo de desarrollo\u00a0 venimos. No nos hagamos los lesos. Para hacerse el leso , tenemos a\u00a0 don Jos\u00e9 Antonio, que no sabia que ten\u00eda\u00a0 inversiones en Panam\u00e1.<\/p>\n<p>Un gusto Senador. Otro d\u00eda hablamos de Revoluci\u00f3n Digital\u00a0 ( y que nadie se asuste con la palabra Revoluci\u00f3n)<\/p>\n<p>Iv\u00e1n Borcoski Gonz\u00e1lez<\/p>\n<p>Licenciado en Geograf\u00eda U. de\u00a0 Chile<\/p>\n<p>Magister (c) en Gobierno, Pol\u00edticas P\u00fablicas y Territorio.<\/p>\n<p>Programa Municipal Instituto Igualdad<\/p>\n","protected":false},"excerpt":{"rendered":"<p>Senador Kast. Hace unos d\u00edas\u00a0 usted\u00a0 coment\u00f3 en Twitter que le parece incre\u00edble que en pleno septiembre de 2019 se sigue hablando de Allende y&#8230;<\/p>\n","protected":false},"author":2,"featured_media":9850,"comment_status":"closed","ping_status":"open","sticky":false,"template":"","format":"standard","meta":{"footnotes":""},"categories":[2,267],"tags":[],"_links":{"self":[{"href":"http:\/\/www.primeranota.cl\/web\/wp-json\/wp\/v2\/posts\/9849"}],"collection":[{"href":"http:\/\/www.primeranota.cl\/web\/wp-json\/wp\/v2\/posts"}],"about":[{"href":"http:\/\/www.primeranota.cl\/web\/wp-json\/wp\/v2\/types\/post"}],"author":[{"embeddable":true,"href":"http:\/\/www.primeranota.cl\/web\/wp-json\/wp\/v2\/users\/2"}],"replies":[{"embeddable":true,"href":"http:\/\/www.primeranota.cl\/web\/wp-json\/wp\/v2\/comments?post=9849"}],"version-history":[{"count":1,"href":"http:\/\/www.primeranota.cl\/web\/wp-json\/wp\/v2\/posts\/9849\/revisions"}],"predecessor-version":[{"id":9851,"href":"http:\/\/www.primeranota.cl\/web\/wp-json\/wp\/v2\/posts\/9849\/revisions\/9851"}],"wp:featuredmedia":[{"embeddable":true,"href":"http:\/\/www.primeranota.cl\/web\/wp-json\/wp\/v2\/media\/9850"}],"wp:attachment":[{"href":"http:\/\/www.primeranota.cl\/web\/wp-json\/wp\/v2\/media?parent=9849"}],"wp:term":[{"taxonomy":"category","embeddable":true,"href":"http:\/\/www.primeranota.cl\/web\/wp-json\/wp\/v2\/categories?post=9849"},{"taxonomy":"post_tag","embeddable":true,"href":"http:\/\/www.primeranota.cl\/web\/wp-json\/wp\/v2\/tags?post=9849"}],"curies":[{"name":"wp","href":"https:\/\/api.w.org\/{rel}","templated":true}]}}