{"id":9910,"date":"2019-09-10T08:14:15","date_gmt":"2019-09-10T11:14:15","guid":{"rendered":"http:\/\/www.primeranota.cl\/web\/?p=9910"},"modified":"2019-09-10T08:14:15","modified_gmt":"2019-09-10T11:14:15","slug":"presidente-pinera-no-realizara-acto-de-conmemoracion-de-un-nuevo-aniversario-del-11-de-septiembre","status":"publish","type":"post","link":"http:\/\/www.primeranota.cl\/web\/pais\/presidente-pinera-no-realizara-acto-de-conmemoracion-de-un-nuevo-aniversario-del-11-de-septiembre\/","title":{"rendered":"Presidente Pi\u00f1era no realizar\u00e1 acto de conmemoraci\u00f3n de un nuevo aniversario del 11 de septiembre"},"content":{"rendered":"<p>La ministra Secretaria General de Gobierno, Cecilia P\u00e9rez, inform\u00f3 este lunes que el Ejecutivo no tiene contemplado realizar actividades de conmemoraci\u00f3n de un nuevo aniversario del Golpe de Estado el pr\u00f3ximo 11 de septiembre.<\/p>\n<p>La vocera de La Moneda se\u00f1al\u00f3 que &#8220;como Gobierno, nosotros no tenemos contemplada ninguna ceremonia particular, pero si, y sin duda, es un d\u00eda para reflexionar&#8221;. &#8220;Reflexionar personalmente lo importante que es cuidar la democracia, cuidar el dialogo republicano, lo importante que es cuidar el respeto&#8221;, a\u00f1adi\u00f3.<\/p>\n<p>En esa l\u00ednea, P\u00e9rez, record\u00f3 que &#8220;podemos tener leg\u00edtimas diferencias y las podemos manifestar con pasi\u00f3n, con convicci\u00f3n, pero siempre cuidando y mirando hacia el pasado la importancia de la democracia, porque es lo que le estamos legando a nuestros hijos&#8221;.<\/p>\n<p>En tanto, el presidente de RN, Mario Desbordes, justific\u00f3 la decisi\u00f3n y record\u00f3 que &#8220;el Gobierno ha tomado iniciativa cuando le toc\u00f3 los 40 o 45 a\u00f1os, son fechas espec\u00edficas donde hab\u00eda que hacer algo y este 11 el Ejecutivo al menos lo que nos informa hoy no va a hacer ninguna actividad&#8221;.<\/p>\n<p>Mientras, su par de la UDI, Jacqueline Van Rysselberghe, sostuvo que &#8220;me imagino que cada persona lo conmemora como corresponda, es decir, como estime pertinente. Hay personas que vivieron esa fecha de distinta manera&#8221;.<\/p>\n<p>Fuente: Emol.com<\/p>\n","protected":false},"excerpt":{"rendered":"<p>La ministra Secretaria General de Gobierno, Cecilia P\u00e9rez, inform\u00f3 este lunes que el Ejecutivo no tiene contemplado realizar actividades de conmemoraci\u00f3n de un nuevo aniversario&#8230;<\/p>\n","protected":false},"author":2,"featured_media":2927,"comment_status":"closed","ping_status":"open","sticky":false,"template":"","format":"standard","meta":{"footnotes":""},"categories":[4,267],"tags":[],"_links":{"self":[{"href":"http:\/\/www.primeranota.cl\/web\/wp-json\/wp\/v2\/posts\/9910"}],"collection":[{"href":"http:\/\/www.primeranota.cl\/web\/wp-json\/wp\/v2\/posts"}],"about":[{"href":"http:\/\/www.primeranota.cl\/web\/wp-json\/wp\/v2\/types\/post"}],"author":[{"embeddable":true,"href":"http:\/\/www.primeranota.cl\/web\/wp-json\/wp\/v2\/users\/2"}],"replies":[{"embeddable":true,"href":"http:\/\/www.primeranota.cl\/web\/wp-json\/wp\/v2\/comments?post=9910"}],"version-history":[{"count":1,"href":"http:\/\/www.primeranota.cl\/web\/wp-json\/wp\/v2\/posts\/9910\/revisions"}],"predecessor-version":[{"id":9911,"href":"http:\/\/www.primeranota.cl\/web\/wp-json\/wp\/v2\/posts\/9910\/revisions\/9911"}],"wp:featuredmedia":[{"embeddable":true,"href":"http:\/\/www.primeranota.cl\/web\/wp-json\/wp\/v2\/media\/2927"}],"wp:attachment":[{"href":"http:\/\/www.primeranota.cl\/web\/wp-json\/wp\/v2\/media?parent=9910"}],"wp:term":[{"taxonomy":"category","embeddable":true,"href":"http:\/\/www.primeranota.cl\/web\/wp-json\/wp\/v2\/categories?post=9910"},{"taxonomy":"post_tag","embeddable":true,"href":"http:\/\/www.primeranota.cl\/web\/wp-json\/wp\/v2\/tags?post=9910"}],"curies":[{"name":"wp","href":"https:\/\/api.w.org\/{rel}","templated":true}]}}