{"id":10236,"date":"2019-09-30T08:17:17","date_gmt":"2019-09-30T11:17:17","guid":{"rendered":"http:\/\/www.primeranota.cl\/web\/?p=10236"},"modified":"2019-09-30T08:17:17","modified_gmt":"2019-09-30T11:17:17","slug":"teillier-y-acusacion-constitucional-sera-una-primera-prueba-de-fuego-para-ver-si-al-fin-la-oposicion-se-pone-de-acuerdo","status":"publish","type":"post","link":"https:\/\/www.primeranota.cl\/web\/politica\/teillier-y-acusacion-constitucional-sera-una-primera-prueba-de-fuego-para-ver-si-al-fin-la-oposicion-se-pone-de-acuerdo\/","title":{"rendered":"Teillier y acusaci\u00f3n constitucional: \u00abSer\u00e1 una primera prueba de fuego para ver si, al fin, la oposici\u00f3n se pone de acuerdo\u00bb"},"content":{"rendered":"<p>En la antesala de la votaci\u00f3n que la C\u00e1mara de Diputados realizar\u00e1 el martes sobre la \u00abcuesti\u00f3n previa\u00bb de la acusaci\u00f3n constitucional contra la ministra de Educaci\u00f3n, Marcela Cubillos, el presidente del PC, Guillermo Teillier, se refiri\u00f3 a la importancia que tendr\u00e1 en la centroizquierda el libelo, y la unidad que el proceso puede reflejar.<\/p>\n<p>\u00abEsta va a ser una primera prueba de fuego para ver si, al fin, la oposici\u00f3n se pone de acuerdo. Ya se han expresado quienes van a votar a favor, los que dicen que son de oposici\u00f3n. Hasta ahora, la DC ha manifestado que en su mayor\u00eda van a votar a favor, pero no sabemos qu\u00e9 es lo que va a pasar de aqu\u00ed al martes\u00bb, sostuvo el diputado al programa \u00abDe domingo a domingo: sin restricci\u00f3n\u00bb.<\/p>\n<p>Fuente: Emol.com<\/p>\n","protected":false},"excerpt":{"rendered":"<p>En la antesala de la votaci\u00f3n que la C\u00e1mara de Diputados realizar\u00e1 el martes sobre la \u00abcuesti\u00f3n previa\u00bb de la acusaci\u00f3n constitucional contra la ministra&#8230;<\/p>\n","protected":false},"author":2,"featured_media":0,"comment_status":"closed","ping_status":"open","sticky":false,"template":"","format":"standard","meta":{"wpai_generated_summary":"","wpai_meta_description":"","footnotes":""},"categories":[5,267],"tags":[],"class_list":["post-10236","post","type-post","status-publish","format-standard","hentry","category-politica","category-portada"],"_links":{"self":[{"href":"https:\/\/www.primeranota.cl\/web\/wp-json\/wp\/v2\/posts\/10236","targetHints":{"allow":["GET"]}}],"collection":[{"href":"https:\/\/www.primeranota.cl\/web\/wp-json\/wp\/v2\/posts"}],"about":[{"href":"https:\/\/www.primeranota.cl\/web\/wp-json\/wp\/v2\/types\/post"}],"author":[{"embeddable":true,"href":"https:\/\/www.primeranota.cl\/web\/wp-json\/wp\/v2\/users\/2"}],"replies":[{"embeddable":true,"href":"https:\/\/www.primeranota.cl\/web\/wp-json\/wp\/v2\/comments?post=10236"}],"version-history":[{"count":1,"href":"https:\/\/www.primeranota.cl\/web\/wp-json\/wp\/v2\/posts\/10236\/revisions"}],"predecessor-version":[{"id":10237,"href":"https:\/\/www.primeranota.cl\/web\/wp-json\/wp\/v2\/posts\/10236\/revisions\/10237"}],"wp:attachment":[{"href":"https:\/\/www.primeranota.cl\/web\/wp-json\/wp\/v2\/media?parent=10236"}],"wp:term":[{"taxonomy":"category","embeddable":true,"href":"https:\/\/www.primeranota.cl\/web\/wp-json\/wp\/v2\/categories?post=10236"},{"taxonomy":"post_tag","embeddable":true,"href":"https:\/\/www.primeranota.cl\/web\/wp-json\/wp\/v2\/tags?post=10236"}],"curies":[{"name":"wp","href":"https:\/\/api.w.org\/{rel}","templated":true}]}}