{"id":21188,"date":"2026-08-30T19:35:04","date_gmt":"2026-08-30T23:35:04","guid":{"rendered":"https:\/\/www.primeranota.cl\/web\/?p=21188"},"modified":"2026-08-30T19:36:15","modified_gmt":"2026-08-30T23:36:15","slug":"colectivo-tremula-estrena-jaimet-adaptacion-libre-del-clasico-de-shakespeare","status":"publish","type":"post","link":"https:\/\/www.primeranota.cl\/web\/region\/colectivo-tremula-estrena-jaimet-adaptacion-libre-del-clasico-de-shakespeare\/","title":{"rendered":"Colectivo Tr\u00e9mula estrena \u201cJaimet\u201d: adaptaci\u00f3n libre del cl\u00e1sico de Shakespeare"},"content":{"rendered":"\n<p class=\"MsoNormal wp-block-paragraph\"><\/p>\n\n\n\n<p class=\"MsoNormal wp-block-paragraph\"><em>La versi\u00f3n temuquense de la tragedia universal se presentar\u00e1 el viernes 4 de septiembre a las 18.30 horas en el Centro Cultural Galo Sep\u00falveda. Las entradas se consiguen por<\/em><a href=\"http:\/\/www.portaldisc.com\/evento\/jaimet\"><em> www.portaldisc.com\/evento\/jaimet<\/em><\/a><em><\/em><\/p>\n\n\n\n<p class=\"MsoNormal wp-block-paragraph\">&nbsp;<\/p>\n\n\n\n<p class=\"MsoNormal wp-block-paragraph\">\u00abSer o no ser, esa es la cuesti\u00f3n\u00bb es la frase m\u00e1s ic\u00f3nica de Hamlet, tragedia escrita por William Shakespeare en el siglo XVII, considerada por eruditos como la \u201chistoria m\u00e1s comentada del mundo tras la Cenicienta\u201d. Hasta la fecha, su historia invita a preguntarnos sobre la vida, la muerte y la existencia.<\/p>\n\n\n\n<p class=\"MsoNormal wp-block-paragraph\">El Colectivo Experimental Tr\u00e9mula tom\u00f3 el desaf\u00edo y adapt\u00f3 libremente las ideas del dramaturgo ingl\u00e9s, cambiando el escenario de Dinamarca hasta Temuco, para as\u00ed llevar a las tablas esta obra que mezcla drama, humor y s\u00e1tira a merced del misterio.<\/p>\n\n\n\n<p class=\"MsoNormal wp-block-paragraph\">\u201cJaimet\u201d tiene su estreno el pr\u00f3ximo 4 de septiembre en Centro Cultural Galo Sep\u00falveda (Arturo Prat #42) a las 18.30 horas. Con un elenco de 14 artistas, la versi\u00f3n qued\u00f3 a cargo de Yamil Oyarz\u00fan, director del colectivo, quien mont\u00f3 este espacio abierto a quienes buscan aprender de las artes esc\u00e9nicas y pl\u00e1sticas.<\/p>\n\n\n\n<p class=\"MsoNormal wp-block-paragraph\">La adaptaci\u00f3n cuenta con cuatro meses de preparaci\u00f3n y ser\u00e1 el debut de buena parte del elenco, muchos de ellos estudiantes o trabajadores. Sobre el origen de esta adaptaci\u00f3n, el director comenta: \u201cEstaba releyendo Shakespeare y se me ocurri\u00f3 irresponsablemente hacer una versi\u00f3n que busca matar la solemnidad del cl\u00e1sico\u201d. Oyarz\u00fan se enfrent\u00f3 al fantasma del ingl\u00e9s reinterpretando y reimaginando el relato durante los ensayos.<\/p>\n\n\n\n<p class=\"MsoNormal wp-block-paragraph\">\u201cJaimet no es una parodia. Es como si Hamlet se viera en un espejo roto que \u00e9l mismo quiso rearmar y no se acuerda de las formas\u2026 Una mirada dist\u00f3pica llevada al habla latinoamericana\u201d.<\/p>\n\n\n\n<p class=\"MsoNormal wp-block-paragraph\"><strong>Colectivo en crecimiento<\/strong><\/p>\n\n\n\n<p class=\"MsoNormal wp-block-paragraph\">\u201cJaimet\u201d es la segunda obra que el Colectivo Experimental Tr\u00e9mula monta desde su formaci\u00f3n en agosto de 2025. Con ensayos en el Centro Cultural Fundo del Carmen y Comedor Gardenia, el grupo comenz\u00f3 con siete integrantes, quienes en conjunto crearon \u201cS\u00e9 feliz en el dolor\u201d, estrenada en diciembre en \u00fanica funci\u00f3n. En mayo volvieron a montar la historia tras ser invitados al Ciclo de Teatro Ciudadano en la Carpa Teatro Trashumantes.<\/p>\n\n\n\n<p class=\"MsoNormal wp-block-paragraph\">\u201cEl teatro para m\u00ed es una b\u00fasqueda desesperada por querer sentirse vivo en este mundo\u201d, se\u00f1ala Oyarz\u00fan ante una disciplina que define como \u201cuna experiencia constante de lo f\u00fatil y lo ef\u00edmero que somos nosotros\u201d. Para la segunda experiencia, m\u00e1s de 13 personas se sumaron a esta reversi\u00f3n de la tragedia shakesperiana, construida desde la autogesti\u00f3n y el compromiso con la expresi\u00f3n.<\/p>\n\n\n\n<p class=\"MsoNormal wp-block-paragraph\">Un trabajo intenso, no exento de percances, pero saliendo adelante por la motivaci\u00f3n de sus integrantes de no estancarse en la rutina. \u201cHacer teatro en este claro contexto de alta precariedad a m\u00ed me produce harta estimulaci\u00f3n, me motiva hacer algo que yo s\u00e9 que es imposible porque uno no tiene nada\u201d, reconoce Yamil Oyarz\u00fan.<\/p>\n\n\n\n<p class=\"MsoNormal wp-block-paragraph\">M\u00e1s all\u00e1 de la cr\u00edtica, el dramaturgo local conf\u00eda en que \u201ccierto atisbo de estr\u00e9s se compensa con una fuente de energ\u00eda inagotable\u2026 Yo siento que uno est\u00e1 donde est\u00e1 y hay que hacer lo que uno quiere, si uno tiene fr\u00edo hay que hacer fuego\u201d.<\/p>\n\n\n\n<p class=\"MsoNormal wp-block-paragraph\">\u201cJaimet\u201d cuenta en detr\u00e1s de escenas con el operador es Randy L. Pe\u00f1a y Javier Ser\u00f3n en el montaje. Las entradas son con taquilla inversa, cada espectador define el precio de la obra. Pueden comprarse desde los 3 mil pesos por el sitio web<a href=\"https:\/\/www.portaldisc.com\/evento\/jaimet\"> https:\/\/www.portaldisc.com\/evento\/jaimet<\/a><\/p>\n\n\n\n<p class=\"MsoNormal wp-block-paragraph\">&nbsp;<\/p>\n\n\n\n<p class=\"MsoNormal wp-block-paragraph\">&nbsp;<\/p>\n","protected":false},"excerpt":{"rendered":"<p>La versi\u00f3n temuquense de la tragedia universal se presentar\u00e1 el viernes 4 de septiembre a las 18.30 horas en el Centro Cultural Galo Sep\u00falveda. Las&#8230;<\/p>\n","protected":false},"author":7,"featured_media":21187,"comment_status":"closed","ping_status":"open","sticky":false,"template":"","format":"standard","meta":{"wpai_generated_summary":"","wpai_meta_description":"","footnotes":""},"categories":[267,3],"tags":[],"class_list":["post-21188","post","type-post","status-publish","format-standard","has-post-thumbnail","hentry","category-portada","category-region"],"_links":{"self":[{"href":"https:\/\/www.primeranota.cl\/web\/wp-json\/wp\/v2\/posts\/21188","targetHints":{"allow":["GET"]}}],"collection":[{"href":"https:\/\/www.primeranota.cl\/web\/wp-json\/wp\/v2\/posts"}],"about":[{"href":"https:\/\/www.primeranota.cl\/web\/wp-json\/wp\/v2\/types\/post"}],"author":[{"embeddable":true,"href":"https:\/\/www.primeranota.cl\/web\/wp-json\/wp\/v2\/users\/7"}],"replies":[{"embeddable":true,"href":"https:\/\/www.primeranota.cl\/web\/wp-json\/wp\/v2\/comments?post=21188"}],"version-history":[{"count":1,"href":"https:\/\/www.primeranota.cl\/web\/wp-json\/wp\/v2\/posts\/21188\/revisions"}],"predecessor-version":[{"id":21189,"href":"https:\/\/www.primeranota.cl\/web\/wp-json\/wp\/v2\/posts\/21188\/revisions\/21189"}],"wp:featuredmedia":[{"embeddable":true,"href":"https:\/\/www.primeranota.cl\/web\/wp-json\/wp\/v2\/media\/21187"}],"wp:attachment":[{"href":"https:\/\/www.primeranota.cl\/web\/wp-json\/wp\/v2\/media?parent=21188"}],"wp:term":[{"taxonomy":"category","embeddable":true,"href":"https:\/\/www.primeranota.cl\/web\/wp-json\/wp\/v2\/categories?post=21188"},{"taxonomy":"post_tag","embeddable":true,"href":"https:\/\/www.primeranota.cl\/web\/wp-json\/wp\/v2\/tags?post=21188"}],"curies":[{"name":"wp","href":"https:\/\/api.w.org\/{rel}","templated":true}]}}