{"id":21197,"date":"2026-08-30T19:45:37","date_gmt":"2026-08-30T23:45:37","guid":{"rendered":"https:\/\/www.primeranota.cl\/web\/?p=21197"},"modified":"2026-08-30T19:48:46","modified_gmt":"2026-08-30T23:48:46","slug":"pronostican-una-primavera-con-mas-lluvias-y-temperaturas-bajo-lo-habitual","status":"publish","type":"post","link":"https:\/\/www.primeranota.cl\/web\/pais\/pronostican-una-primavera-con-mas-lluvias-y-temperaturas-bajo-lo-habitual\/","title":{"rendered":"Pronostican una primavera con m\u00e1s lluvias y temperaturas bajo lo habitual"},"content":{"rendered":"\n<p class=\"wp-block-paragraph\">La llegada de la primavera podr\u00eda estar marcada por mayores precipitaciones y temperaturas m\u00ednimas m\u00e1s bajas de lo habitual en distintas zonas del pa\u00eds, seg\u00fan las proyecciones contenidas en el \u00faltimo Bolet\u00edn de Tendencias Clim\u00e1ticas de la Direcci\u00f3n Meteorol\u00f3gica de Chile para el trimestre septiembre, octubre y noviembre.<br>En materia de precipitaciones, el informe anticipa que desde la Regi\u00f3n de Coquimbo hasta Los R\u00edos existir\u00edan condiciones favorables para registrar lluvias sobre los niveles normales para el per\u00edodo. Como referencia, en Los \u00c1ngeles, Regi\u00f3n del Biob\u00edo, se proyectan acumulados superiores a los 209 mil\u00edmetros durante el trimestre.<br>El escenario cambia hacia los extremos del pa\u00eds. Entre Arica y Parinacota y Atacama se prev\u00e9 una condici\u00f3n seca, mientras que en Los Lagos predominar\u00eda una situaci\u00f3n entre normal y bajo lo normal, aunque con excepciones como Puerto Montt. Desde Ays\u00e9n hacia el sur, en tanto, las precipitaciones tender\u00edan a ubicarse bajo los registros habituales.<br>El pron\u00f3stico tambi\u00e9n entrega antecedentes respecto de las temperaturas. Para diversas localidades del norte y centro del pa\u00eds se proyectan temperaturas m\u00e1ximas sobre lo normal. Esta condici\u00f3n tambi\u00e9n alcanzar\u00eda a algunos puntos del sur, entre ellos Puerto Saavedra, en la Regi\u00f3n de La Araucan\u00eda, donde las m\u00e1ximas podr\u00edan situarse por encima de los valores habituales para la \u00e9poca.<br>Las proyecciones corresponden al trimestre septiembre-octubre-noviembre, per\u00edodo que incluye el inicio de la primavera, estaci\u00f3n que comienza oficialmente el pr\u00f3ximo 21 de septiembre.<\/p>\n","protected":false},"excerpt":{"rendered":"<p>La llegada de la primavera podr\u00eda estar marcada por mayores precipitaciones y temperaturas m\u00ednimas m\u00e1s bajas de lo habitual en distintas zonas del pa\u00eds, seg\u00fan&#8230;<\/p>\n","protected":false},"author":7,"featured_media":21196,"comment_status":"closed","ping_status":"open","sticky":false,"template":"","format":"standard","meta":{"wpai_generated_summary":"","wpai_meta_description":"","footnotes":""},"categories":[4,267],"tags":[],"class_list":["post-21197","post","type-post","status-publish","format-standard","has-post-thumbnail","hentry","category-pais","category-portada"],"_links":{"self":[{"href":"https:\/\/www.primeranota.cl\/web\/wp-json\/wp\/v2\/posts\/21197","targetHints":{"allow":["GET"]}}],"collection":[{"href":"https:\/\/www.primeranota.cl\/web\/wp-json\/wp\/v2\/posts"}],"about":[{"href":"https:\/\/www.primeranota.cl\/web\/wp-json\/wp\/v2\/types\/post"}],"author":[{"embeddable":true,"href":"https:\/\/www.primeranota.cl\/web\/wp-json\/wp\/v2\/users\/7"}],"replies":[{"embeddable":true,"href":"https:\/\/www.primeranota.cl\/web\/wp-json\/wp\/v2\/comments?post=21197"}],"version-history":[{"count":1,"href":"https:\/\/www.primeranota.cl\/web\/wp-json\/wp\/v2\/posts\/21197\/revisions"}],"predecessor-version":[{"id":21198,"href":"https:\/\/www.primeranota.cl\/web\/wp-json\/wp\/v2\/posts\/21197\/revisions\/21198"}],"wp:featuredmedia":[{"embeddable":true,"href":"https:\/\/www.primeranota.cl\/web\/wp-json\/wp\/v2\/media\/21196"}],"wp:attachment":[{"href":"https:\/\/www.primeranota.cl\/web\/wp-json\/wp\/v2\/media?parent=21197"}],"wp:term":[{"taxonomy":"category","embeddable":true,"href":"https:\/\/www.primeranota.cl\/web\/wp-json\/wp\/v2\/categories?post=21197"},{"taxonomy":"post_tag","embeddable":true,"href":"https:\/\/www.primeranota.cl\/web\/wp-json\/wp\/v2\/tags?post=21197"}],"curies":[{"name":"wp","href":"https:\/\/api.w.org\/{rel}","templated":true}]}}