{"id":21206,"date":"2026-08-31T21:12:54","date_gmt":"2026-09-01T01:12:54","guid":{"rendered":"https:\/\/www.primeranota.cl\/web\/?p=21206"},"modified":"2026-08-31T21:14:17","modified_gmt":"2026-09-01T01:14:17","slug":"temuco-lanza-su-academia-de-oficios-con-programa-que-capacito-a-100-jovenes-en-barismo","status":"publish","type":"post","link":"https:\/\/www.primeranota.cl\/web\/region\/temuco-lanza-su-academia-de-oficios-con-programa-que-capacito-a-100-jovenes-en-barismo\/","title":{"rendered":"Temuco lanza su Academia de Oficios con programa que capacit\u00f3 a 100 j\u00f3venes en barismo"},"content":{"rendered":"\n<p class=\"MsoNormal wp-block-paragraph\"><strong><em>El programa \u201cConvi\u00e9rtete en Barista\u201d, impulsado por la Oficina Municipal de la Juventud, es el primero de una oferta formativa que busca entregar herramientas para el empleo y el emprendimiento a j\u00f3venes de la comuna.<\/em><\/strong><\/p>\n\n\n\n<p class=\"MsoNormal wp-block-paragraph\"><strong>&nbsp;<\/strong><\/p>\n\n\n\n<p class=\"MsoNormal wp-block-paragraph\">Con la participaci\u00f3n de autoridades municipales, representantes del rubro cafetero y j\u00f3venes de la comuna, se inaugur\u00f3 \u201cConvi\u00e9rtete en Barista\u201d, el primer programa formativo de la Academia de Oficios.<\/p>\n\n\n\n<p class=\"MsoNormal wp-block-paragraph\"><strong><em>&nbsp;<\/em><\/strong><\/p>\n\n\n\n<p class=\"MsoNormal wp-block-paragraph\">La iniciativa, impulsada por la Oficina Municipal de la Juventud, permitir\u00e1 que 100 j\u00f3venes de la comuna accedan gratuitamente a formaci\u00f3n pr\u00e1ctica y especializada en el mundo del caf\u00e9 y el barismo, fortaleciendo sus herramientas para el mundo laboral y el emprendimiento.<\/p>\n\n\n\n<p class=\"MsoNormal wp-block-paragraph\">&nbsp;<\/p>\n\n\n\n<p class=\"MsoNormal wp-block-paragraph\">Sobre lo que significa estas instancias para el municipio el Alcalde de Temuco Roberto Neira se\u00f1al\u00f3 que \u201cpara nosotros es muy importante generar estrategias que nos permitan reducir el \u00edndice de desempleo. Este tipo de oficios en Temuco tienden a ser una muy buena respuesta para acortar esa brecha de oportunidades\u201d.<\/p>\n\n\n\n<p class=\"MsoNormal wp-block-paragraph\">&nbsp;<\/p>\n\n\n\n<p class=\"MsoNormal wp-block-paragraph\"><strong>Una ruta de formaci\u00f3n en oficios<\/strong><\/p>\n\n\n\n<p class=\"MsoNormal wp-block-paragraph\">&nbsp;<\/p>\n\n\n\n<p class=\"MsoNormal wp-block-paragraph\">El programa \u201cConvi\u00e9rtete en Barista\u201d es el primero de cuatro programas formativos de la Academia de Oficios, que contempla adem\u00e1s capacitaciones de barber\u00eda, preparaci\u00f3n de mocktails, chocolater\u00eda y preparaci\u00f3n de sushi.<\/p>\n\n\n\n<p class=\"MsoNormal wp-block-paragraph\">&nbsp;<\/p>\n\n\n\n<p class=\"MsoNormal wp-block-paragraph\">V\u00edctor V\u00e1squez, encargado de la Oficina Municipal de la Juventud, habl\u00f3 sobre lo que buscan lograr con est\u00e1s instancias. \u201cEl objetivo de estas iniciativas es entregar a los j\u00f3venes herramientas concretas para aprender un oficio, y que eso de alguna forma les sirva para acceder a nuevas oportunidades laborales o para emprender\u201d, afirm\u00f3.<\/p>\n\n\n\n<p class=\"MsoNormal wp-block-paragraph\">&nbsp;<\/p>\n\n\n\n<p class=\"MsoNormal wp-block-paragraph\">La jornada tambi\u00e9n cont\u00f3 con la participaci\u00f3n de actores vinculados directamente al mundo del caf\u00e9, quienes aportaron desde su experiencia y conocimiento a esta instancia de formaci\u00f3n. Dentro de los cuales Jos\u00e9 C\u00e1diz fundador de La Ruta Cafetera dijo: \u201cHoy estamos haciendo historia; este es el primer programa gratuito de barismo que vincula a instituciones p\u00fablicas y privadas en toda Latinoam\u00e9rica. Sin duda, estas alianzas son muy provechosas para los j\u00f3venes y la comunidad\u201d.<\/p>\n\n\n\n<p class=\"MsoNormal wp-block-paragraph\">&nbsp;<\/p>\n\n\n\n<p class=\"MsoNormal wp-block-paragraph\"><strong>M\u00e1s oportunidades para los j\u00f3venes<\/strong><\/p>\n\n\n\n<p class=\"MsoNormal wp-block-paragraph\">&nbsp;<\/p>\n\n\n\n<p class=\"MsoNormal wp-block-paragraph\">Para los participantes esta experiencia representa una oportunidad para desarrollar nuevas capacidades y acercarse a un oficio con posibilidades de inserci\u00f3n laboral, considerando el alto n\u00famero de cafeter\u00edas que existe en Temuco.<\/p>\n\n\n\n<p class=\"MsoNormal wp-block-paragraph\">&nbsp;<\/p>\n\n\n\n<p class=\"MsoNormal wp-block-paragraph\">Stephanie Cartes, joven que particip\u00f3 en la actividad, se\u00f1al\u00f3 que \u201cme impresion\u00f3 la motivaci\u00f3n de todos por interactuar; la clase estuvo muy buena y din\u00e1mica, se agradecen estas oportunidades para aprender, ya que, afuera est\u00e1 complejo encontrar trabajo y esto es una luz de esperanza para nosotros\u201d.<\/p>\n\n\n\n<p class=\"MsoNormal wp-block-paragraph\">&nbsp;<\/p>\n\n\n\n<p class=\"MsoNormal wp-block-paragraph\">La jornada de inauguraci\u00f3n se realiz\u00f3 este 28 de agosto en el Centro Comunitario Poniente, dando inicio a un proceso que busca generar espacios de aprendizaje y desarrollo de nuevas habilidades en oficios para las juventudes de Temuco.<\/p>\n","protected":false},"excerpt":{"rendered":"<p>El programa \u201cConvi\u00e9rtete en Barista\u201d, impulsado por la Oficina Municipal de la Juventud, es el primero de una oferta formativa que busca entregar herramientas para&#8230;<\/p>\n","protected":false},"author":7,"featured_media":21205,"comment_status":"closed","ping_status":"open","sticky":false,"template":"","format":"standard","meta":{"wpai_generated_summary":"","wpai_meta_description":"","footnotes":""},"categories":[267,3],"tags":[],"class_list":["post-21206","post","type-post","status-publish","format-standard","has-post-thumbnail","hentry","category-portada","category-region"],"_links":{"self":[{"href":"https:\/\/www.primeranota.cl\/web\/wp-json\/wp\/v2\/posts\/21206","targetHints":{"allow":["GET"]}}],"collection":[{"href":"https:\/\/www.primeranota.cl\/web\/wp-json\/wp\/v2\/posts"}],"about":[{"href":"https:\/\/www.primeranota.cl\/web\/wp-json\/wp\/v2\/types\/post"}],"author":[{"embeddable":true,"href":"https:\/\/www.primeranota.cl\/web\/wp-json\/wp\/v2\/users\/7"}],"replies":[{"embeddable":true,"href":"https:\/\/www.primeranota.cl\/web\/wp-json\/wp\/v2\/comments?post=21206"}],"version-history":[{"count":1,"href":"https:\/\/www.primeranota.cl\/web\/wp-json\/wp\/v2\/posts\/21206\/revisions"}],"predecessor-version":[{"id":21207,"href":"https:\/\/www.primeranota.cl\/web\/wp-json\/wp\/v2\/posts\/21206\/revisions\/21207"}],"wp:featuredmedia":[{"embeddable":true,"href":"https:\/\/www.primeranota.cl\/web\/wp-json\/wp\/v2\/media\/21205"}],"wp:attachment":[{"href":"https:\/\/www.primeranota.cl\/web\/wp-json\/wp\/v2\/media?parent=21206"}],"wp:term":[{"taxonomy":"category","embeddable":true,"href":"https:\/\/www.primeranota.cl\/web\/wp-json\/wp\/v2\/categories?post=21206"},{"taxonomy":"post_tag","embeddable":true,"href":"https:\/\/www.primeranota.cl\/web\/wp-json\/wp\/v2\/tags?post=21206"}],"curies":[{"name":"wp","href":"https:\/\/api.w.org\/{rel}","templated":true}]}}