{"id":21212,"date":"2026-09-03T11:09:47","date_gmt":"2026-09-03T15:09:47","guid":{"rendered":"https:\/\/www.primeranota.cl\/web\/?p=21212"},"modified":"2026-09-03T11:10:46","modified_gmt":"2026-09-03T15:10:46","slug":"706-personas-capacitadas-el-convenio-fosis-inia-y-sag-que-fortalece-la-seguridad-alimentaria-en-la-araucania","status":"publish","type":"post","link":"https:\/\/www.primeranota.cl\/web\/region\/706-personas-capacitadas-el-convenio-fosis-inia-y-sag-que-fortalece-la-seguridad-alimentaria-en-la-araucania\/","title":{"rendered":"706 personas capacitadas: el convenio FOSIS, INIA y SAG que fortalece la seguridad alimentaria en La Araucan\u00eda"},"content":{"rendered":"\n<p class=\"wp-block-paragraph\"><\/p>\n\n\n\n<p class=\"wp-block-paragraph\"><em>El plan de trabajo 2025\u20132026 cumpli\u00f3 el 100% de sus metas del primer a\u00f1o, y ya supera el 80% del actual segundo periodo.<\/em><\/p>\n\n\n\n<p class=\"wp-block-paragraph\">Quinientos ochenta y ocho integrantes de la Agricultura Familiar Campesina y 118 profesionales, fueron capacitadas en 2025 y 2026 gracias al convenio entre FOSIS, INIA Carillanca y el SAG. La alianza se enmarca en el eje \u201cDesarrollo Inclusivo de los Actores Productivos del Sector\u201d del Ministerio de Agricultura y busca mejorar el acceso, la disponibilidad y el buen uso de los alimentos entre las familias del Programa de Apoyo a la Seguridad Alimentaria.<\/p>\n\n\n\n<p class=\"wp-block-paragraph\">\u201cDestacamos el valioso trabajo conjunto, lo que ha permitido fortalecer las capacidades t\u00e9cnicas de profesionales, equipos municipales y familias de la Agricultura Familiar Campesina en nuestra regi\u00f3n. Gracias a este esfuerzo interinstitucional, hemos capacitado a cientos de peque\u00f1os productores y profesionales en \u00e1reas que fortalecen la seguridad agroalimentaria regional. Como Ministerio de Agricultura, seguiremos impulsando las alianzas que contribuyan al desarrollo sostenible de nuestra agricultura, porque cuando las instituciones trabajan unidas, avanzamos con m\u00e1s fuerza hacia una mejor calidad de vida para los agricultores y por supuesto de todos los habitantes de La Araucan\u00eda\u201d, recalc\u00f3 la seremi de Agricultura, Mar\u00eda Teresa Fern\u00e1ndez.<\/p>\n\n\n\n<p class=\"wp-block-paragraph\">El convenio con INIA capacit\u00f3 a 176 profesionales en 2025 y a 508 en 2026, a trav\u00e9s de 18 capacitaciones online. Por su parte, el convenio con el SAG form\u00f3 a 276 personas en 2025 y a 388 en 2026, en seminarios realizados en Collipulli, Carahue, Curarrehue, Loncoche, Tolt\u00e9n y Teodoro Schmidt. Los temas abordados incluyeron sanidad animal y vegetal, manejo de agua, biopreparados, apicultura y avicultura, adem\u00e1s de normativa clave como trazabilidad, denuncia obligatoria, Ley Ap\u00edcola, Ley de Semillas, uso de plaguicidas, control del vis\u00f3n americano y prevenci\u00f3n de la influenza aviar.<\/p>\n\n\n\n<p class=\"wp-block-paragraph\"><strong>Recetario Patrimonial<\/strong><\/p>\n\n\n\n<p class=\"wp-block-paragraph\">El plan incorpora enfoque de g\u00e9nero, interculturalidad y agroecolog\u00eda, reconociendo saberes ancestrales locales. Con ese sello se elaboraron fichas t\u00e9cnicas de tecnolog\u00edas apropiadas y un consolidado regional de recetas elaboradas por las comunas, con pertinencia territorial, que son parte del rescate gastron\u00f3mico patrimonial de la regi\u00f3n de La Araucan\u00eda, todo ello junto a equipos comunales e investigadores del INIA.<\/p>\n\n\n\n<p class=\"wp-block-paragraph\">El convenio abri\u00f3 camino a otras colaboraciones: jornadas con INTA Argentina, un convenio en tr\u00e1mite con INACAP y una propuesta enviada a INDAP. Adem\u00e1s, se postularon dos proyectos a la Fundaci\u00f3n para la Innovaci\u00f3n Agraria, FIA y se formula uno al FNDR, que contempla capacitar a 80 mujeres l\u00edderes y habilitar 8 unidades Faro en la regi\u00f3n. Tambi\u00e9n avanza el Programa Campo Limpio en Tolt\u00e9n y Teodoro Schmidt, para el acopio seguro de envases de agroqu\u00edmicos y la educaci\u00f3n ambiental de agricultores y escolares.<\/p>\n\n\n\n<p class=\"wp-block-paragraph\">Juan Inostroza Fari\u00f1a de INIA Carillanca y Pilar Briones Gajardo de FOSIS, coordinan el convenio INIA\u2013FOSIS. Adem\u00e1s, por parte del SAG participan V\u00edctor Mansilla, Carmen Gloria Vel\u00e1squez y Rolando Sep\u00falveda. El trabajo cuenta con el respaldo de las direcciones regionales de FOSIS, INIA y SAG, y de las Seremis de Agricultura y de Desarrollo Social y Familia.<\/p>\n\n\n\n<p class=\"wp-block-paragraph\">FOSIS apoya la superaci\u00f3n de la pobreza y ejecuta el Programa de Apoyo a la Seguridad Alimentaria; INIA Carillanca investiga, transfiere tecnolog\u00eda y capacita al sector agroalimentario; y el SAG vela por la sanidad agropecuaria, la inocuidad alimentaria y la formalizaci\u00f3n de las familias productoras.<\/p>\n\n\n\n<p class=\"wp-block-paragraph\"><\/p>\n","protected":false},"excerpt":{"rendered":"<p>El plan de trabajo 2025\u20132026 cumpli\u00f3 el 100% de sus metas del primer a\u00f1o, y ya supera el 80% del actual segundo periodo. Quinientos ochenta&#8230;<\/p>\n","protected":false},"author":7,"featured_media":21211,"comment_status":"closed","ping_status":"open","sticky":false,"template":"","format":"standard","meta":{"wpai_generated_summary":"","wpai_meta_description":"","footnotes":""},"categories":[267,3],"tags":[],"class_list":["post-21212","post","type-post","status-publish","format-standard","has-post-thumbnail","hentry","category-portada","category-region"],"_links":{"self":[{"href":"https:\/\/www.primeranota.cl\/web\/wp-json\/wp\/v2\/posts\/21212","targetHints":{"allow":["GET"]}}],"collection":[{"href":"https:\/\/www.primeranota.cl\/web\/wp-json\/wp\/v2\/posts"}],"about":[{"href":"https:\/\/www.primeranota.cl\/web\/wp-json\/wp\/v2\/types\/post"}],"author":[{"embeddable":true,"href":"https:\/\/www.primeranota.cl\/web\/wp-json\/wp\/v2\/users\/7"}],"replies":[{"embeddable":true,"href":"https:\/\/www.primeranota.cl\/web\/wp-json\/wp\/v2\/comments?post=21212"}],"version-history":[{"count":1,"href":"https:\/\/www.primeranota.cl\/web\/wp-json\/wp\/v2\/posts\/21212\/revisions"}],"predecessor-version":[{"id":21213,"href":"https:\/\/www.primeranota.cl\/web\/wp-json\/wp\/v2\/posts\/21212\/revisions\/21213"}],"wp:featuredmedia":[{"embeddable":true,"href":"https:\/\/www.primeranota.cl\/web\/wp-json\/wp\/v2\/media\/21211"}],"wp:attachment":[{"href":"https:\/\/www.primeranota.cl\/web\/wp-json\/wp\/v2\/media?parent=21212"}],"wp:term":[{"taxonomy":"category","embeddable":true,"href":"https:\/\/www.primeranota.cl\/web\/wp-json\/wp\/v2\/categories?post=21212"},{"taxonomy":"post_tag","embeddable":true,"href":"https:\/\/www.primeranota.cl\/web\/wp-json\/wp\/v2\/tags?post=21212"}],"curies":[{"name":"wp","href":"https:\/\/api.w.org\/{rel}","templated":true}]}}