{"id":21215,"date":"2026-09-03T11:13:16","date_gmt":"2026-09-03T15:13:16","guid":{"rendered":"https:\/\/www.primeranota.cl\/web\/?p=21215"},"modified":"2026-09-03T11:14:42","modified_gmt":"2026-09-03T15:14:42","slug":"temuco-dio-la-bienvenida-a-las-fiestas-patrias-con-cueca-tradiciones-y-una-cartelera-para-celebrar-en-familia","status":"publish","type":"post","link":"https:\/\/www.primeranota.cl\/web\/region\/temuco-dio-la-bienvenida-a-las-fiestas-patrias-con-cueca-tradiciones-y-una-cartelera-para-celebrar-en-familia\/","title":{"rendered":"Temuco dio la bienvenida a las Fiestas Patrias con cueca, tradiciones y una cartelera para celebrar en familia"},"content":{"rendered":"\n<p class=\"MsoNormal wp-block-paragraph\"><\/p>\n\n\n\n<p class=\"MsoNormal wp-block-paragraph\"><strong><em>Cerca de 450 estudiantes de establecimientos municipales, junto a sus familias, apoderados, docentes y p\u00fablico general, participaron en una jornada de cueca frente al municipio. La actividad marc\u00f3 el inicio de las celebraciones patrias en la comuna y present\u00f3 una programaci\u00f3n que se extender\u00e1 durante todo septiembre.<\/em><\/strong><\/p>\n\n\n\n<p class=\"MsoNormal wp-block-paragraph\">&nbsp;<\/p>\n\n\n\n<p class=\"MsoNormal wp-block-paragraph\">La Plaza An\u00edbal Pinto de Temuco se llen\u00f3 de ni\u00f1os, ni\u00f1as y adolescentes de establecimientos municipales, quienes, acompa\u00f1ados por sus profesores, familias, apoderados y vecinos, dieron vida a una jornada marcada por la m\u00fasica, la danza y las tradiciones chilenas. El encuentro fue el marco elegido para iniciar las festividades patrias en la comuna y presentar la cartelera de actividades preparada para septiembre.<\/p>\n\n\n\n<p class=\"MsoNormal wp-block-paragraph\">Desde educaci\u00f3n parvularia hasta cuarto medio, estudiantes de distintas edades participaron en bloques de cueca frente al edificio municipal, acompa\u00f1ados por un grupo folcl\u00f3rico que interpret\u00f3 m\u00fasica en vivo. La jornada tambi\u00e9n invit\u00f3 a sumarse a p\u00fablico en general, convirtiendo el centro de Temuco en un espacio de encuentro entre distintas generaciones.<\/p>\n\n\n\n<p class=\"MsoNormal wp-block-paragraph\">La actividad comenz\u00f3 con la interpretaci\u00f3n del Himno Nacional y el izamiento del Pabell\u00f3n Patrio. Posteriormente, se desarrollaron las presentaciones de estudiantes de ense\u00f1anza media, segundo ciclo de educaci\u00f3n b\u00e1sica, educaci\u00f3n parvularia y primer ciclo de educaci\u00f3n b\u00e1sica. De esta manera, la cueca se convirti\u00f3 en una instancia para compartir, valorar las expresiones art\u00edsticas y mantener vivas las tradiciones nacionales.<\/p>\n\n\n\n<p class=\"MsoNormal wp-block-paragraph\">Ricardo Toro, Administrador Municipal, destac\u00f3 la presencia de cientos de estudiantes y profesores, como esencia de una comuna que mira los 150 a\u00f1os junto a sus tradiciones. \u201cNuestro alcalde Roberto Neira ha sido enf\u00e1tico en decir que el Temuco se construye desde nuestros ni\u00f1os y ni\u00f1as y con esta actividad creemos que el fiel reflejo del Temuco que estamos construyendo d\u00eda a d\u00eda\u201d.<\/p>\n\n\n\n<p class=\"MsoNormal wp-block-paragraph\">La concejala Micaela Becker se manifest\u00f3 orgullosa de ver ni\u00f1os y ni\u00f1as disfrutando de las Fiestas Patrias; sin embargo hizo un especial llamado al autocuidado. \u201cCelebremos con precauci\u00f3n en este 18 de septiembre tambi\u00e9n creo que es el llamado para poder no lamentar muertes tambi\u00e9n y accidentes en este 18 de septiembre\u201d.<\/p>\n\n\n\n<p class=\"MsoNormal wp-block-paragraph\">Por su parte, el concejal, Mario Jorquera, agreg\u00f3 que \u201choy los chilenos debemos reencontrarnos y celebrar nuestras Fiestas Patrias como se merece y en familia. Hay que evitar los excesos que nos permiten tener muchos accidentes y es de esperar que con este trabajo preventivo de los organismos p\u00fablicos y privados, podamos llegar a un balance ojal\u00e1 en cero.<\/p>\n\n\n\n<p class=\"MsoNormal wp-block-paragraph\"><strong>Ni\u00f1os, ni\u00f1as y j\u00f3venes protagonistas<\/strong><\/p>\n\n\n\n<p class=\"MsoNormal wp-block-paragraph\">Durante la actividad, los asistentes destacaron la importancia de generar espacios para que los estudiantes desarrollen sus habilidades art\u00edsticas, disfrutando las costumbres nacionales.<\/p>\n\n\n\n<p class=\"MsoNormal wp-block-paragraph\">Maximiliano S\u00e1ez, estudiante de educaci\u00f3n media, dijo: \u201cA m\u00ed me gusta la cultura, me gusta representar el liceo y desde chico que bailo cueca; para demostrar los talentos, nuestras virtudes y tambi\u00e9n porque si llega algo externo tambi\u00e9n mostramos lo que hacemos y lo que nos gusta\u201d.<\/p>\n\n\n\n<p class=\"MsoNormal wp-block-paragraph\">Sofia y Ayleen, amigas de cuarto b\u00e1sico de la escuela municipal El Trencito, fueron claras en sus comentarios. \u201cYo bailo porque me gusta mucho y tambi\u00e9n porque me gusta mucho la cultura, las vestimentas, las canciones, el ritmo, todo\u201d, agreg\u00f3 Sof\u00eda. En tanto, Ayleen agreg\u00f3 que \u201cme gusta bailar porque es mi nacionalidad y porque es muy linda la cueca. Que la verg\u00fcenza no les gane\u201d.<\/p>\n\n\n\n<p class=\"MsoNormal wp-block-paragraph\"><strong>Una contundente parrilla de actividades<\/strong><\/p>\n\n\n\n<p class=\"MsoNormal wp-block-paragraph\">El lanzamiento tambi\u00e9n permiti\u00f3 presentar la programaci\u00f3n municipal de Fiestas Patrias 2026, que contempla ferias de artesan\u00eda y emprendimiento, encuentros folcl\u00f3ricos, actividades familiares, gastronom\u00eda, patrimonio, ramadas y el tradicional desfile comunal. Estas actividades se extender\u00e1n desde el 1 hasta el 20 de septiembre, en distintos espacios de Temuco, Labranza y macro sectores de la comuna. Se destacan:<\/p>\n\n\n\n<p class=\"MsoNormal wp-block-paragraph\">Cumbre Guachaca Temuco 2026. El jueves 17 de septiembre, a las 12:00 horas, en el Museo Nacional Ferroviario Pablo Neruda. Encuentro cultural dedicado a la m\u00fasica y la identidad guachaca, con la participaci\u00f3n de exponentes locales y regionales.<\/p>\n\n\n\n<p class=\"MsoNormal wp-block-paragraph\">D\u00eda Nacional de la Cueca, del 17 al 20 de septiembre, de 14:00 a 20:00 horas, en la Cancha 3 del Estadio Germ\u00e1n Becker. La actividad celebrar\u00e1 la danza nacional junto a la Corporaci\u00f3n Regional de Clubes de Cueca de La Araucan\u00eda.<\/p>\n\n\n\n<p class=\"MsoNormal wp-block-paragraph\">Concurso Liga del Asado. Del 17 al 20 de septiembre, en el Estadio Germ\u00e1n Becker. La premiaci\u00f3n se realizar\u00e1 el 19 de septiembre. El concurso gastron\u00f3mico reunir\u00e1 a distintos equipos en torno a la preparaci\u00f3n del tradicional asado chileno.<\/p>\n\n\n\n<p class=\"MsoNormal wp-block-paragraph\">Cuarto Campeonato Mundial del Pebre. El 18 y 19 de septiembre, desde las 11:00 horas, en la Cancha 3 del Estadio Germ\u00e1n Becker. La competencia gastron\u00f3mica celebrar\u00e1 el pebre como parte de la identidad culinaria chilena.<\/p>\n\n\n\n<p class=\"MsoNormal wp-block-paragraph\">Concurso 150 Payas. S s\u00e1bado 19 de septiembre, desde las 14:00 horas, en la Cancha 3 del Estadio Germ\u00e1n Becker. El concurso de payas y contrapunto criollo rendir\u00e1 homenaje a la tradici\u00f3n oral del campo chileno.<\/p>\n\n\n\n<p class=\"MsoNormal wp-block-paragraph\">Desfile Comunal de Fiestas Patrias. El viernes 18 de septiembre, a las 11:00 horas, en la Plaza An\u00edbal Pinto. El desfile c\u00edvico conmemorar\u00e1 el aniversario patrio y contar\u00e1 con la participaci\u00f3n de las Fuerzas Armadas de Chile.<\/p>\n\n\n\n<p class=\"MsoNormal wp-block-paragraph\">Feria de las Tradiciones: Del 1 al 16 de septiembre, de 10:00 a 19:00 horas, en la Plaza Dagoberto Godoy. La feria reunir\u00e1 a expositores de oficios y tradiciones t\u00edpicas de la regi\u00f3n, con demostraciones en vivo de artesan\u00eda y productos locales para toda la familia.<\/p>\n\n\n\n<p class=\"MsoNormal wp-block-paragraph\">Feria de Artes y Tradiciones de la Mesa de Artesanos. Del 4 al 20 de septiembre, en la Plaza An\u00edbal Pinto. El encuentro contar\u00e1 con exposici\u00f3n y venta de obras de artesan\u00eda tradicional elaboradas por integrantes de la Mesa de Artesanos de Temuco.<\/p>\n\n\n\n<p class=\"MsoNormal wp-block-paragraph\">Desfile de San Antonio. El s\u00e1bado 5 de septiembre, de 11:00 a 13:00 horas, en el sector San Antonio. El desfile ser\u00e1 organizado por las juntas de vecinos del sector y reconocer\u00e1 el capital social, deportivo y cultural del territorio.<\/p>\n\n\n\n<p class=\"MsoNormal wp-block-paragraph\">La Incre\u00edble Circo Cueca. S\u00e1bado 5 de septiembre, de 16:00 a 17:30 horas, en el Espacio Cultural de la Biblioteca Municipal Galo Sep\u00falveda. El espect\u00e1culo de circo-teatro estar\u00e1 dirigido a toda la familia y se realizar\u00e1 en el marco de la celebraci\u00f3n de las Fiestas Patrias.<\/p>\n\n\n\n<p class=\"MsoNormal wp-block-paragraph\">Expo Emprendedores Cenco Mall. Del 7 al 16 de septiembre, en Cenco Mall, ubicado en avenida Alemania 67. La exposici\u00f3n permitir\u00e1 conocer y adquirir productos de emprendedores de la comuna en un centro comercial de alto tr\u00e1nsito.<\/p>\n\n\n\n<p class=\"MsoNormal wp-block-paragraph\">Primera Gala Folcl\u00f3rica Costanera del Caut\u00edn. Lunes 7 de septiembre, a las 14:00 horas, en el Gimnasio Costanera del Caut\u00edn. La primera versi\u00f3n de esta jornada reunir\u00e1 m\u00fasica y danza para fortalecer la identidad y el reconocimiento de las tradiciones folcl\u00f3ricas chilenas.<\/p>\n\n\n\n<p class=\"MsoNormal wp-block-paragraph\">Desfile de Labranza. Jueves 10 de septiembre, a las 12:00 horas, Plaza Heriberto Neira, en la Delegaci\u00f3n Municipal de Labranza. La actividad corresponder\u00e1 al tradicional desfile de la localidad, con participaci\u00f3n de establecimientos educacionales y organizaciones sociales.<\/p>\n\n\n\n<p class=\"MsoNormal wp-block-paragraph\">Disfruta tu Patrimonio. S\u00e1bado 12 de septiembre, de 12:00 a 18:00 horas, en el Museo Nacional Ferroviario Pablo Neruda. El programa contempla actividades culturales y recreativas destinadas a acercar a la comunidad al patrimonio hist\u00f3rico y ferroviario de Temuco.<\/p>\n\n\n\n<p class=\"MsoNormal wp-block-paragraph\">Encuentro de M\u00fasica Tradicional. Domingo 13 de septiembre, de 17:00 a 19:00 horas, en el Teatro Municipal Camilo Salvo. La actividad art\u00edstica reunir\u00e1 a exponentes de la m\u00fasica tradicional chilena en un espacio patrimonial de la ciudad.<\/p>\n\n\n\n<p class=\"MsoNormal wp-block-paragraph\">Feria de Prevenci\u00f3n de Violencias. El lunes 14 de septiembre, de 10:00 a 14:00 horas, en la Plaza An\u00edbal Pinto. Estar\u00e1 orientada a la prevenci\u00f3n de las violencias, con enfoque de g\u00e9nero.<\/p>\n\n\n\n<p class=\"MsoNormal wp-block-paragraph\">Feria de Emprendedores de Labranza. Viernes 11 de septiembre, de 10:00 a 18:00 horas, en la Plaza Heriberto Neira. La feria reunir\u00e1 durante la jornada a emprendedores del sector de Labranza, quienes comercializar\u00e1n sus productos a la comunidad.<\/p>\n\n\n\n<p class=\"MsoNormal wp-block-paragraph\">Vive las Fiestas Patrias Parque Estadio 2026. Del 17 al 20 de septiembre, de 14:00 a 20:00 horas, en la Cancha 3 del Estadio Germ\u00e1n Becker. Esta ser\u00e1 una de las actividades centrales de la celebraci\u00f3n de Fiestas Patrias, con m\u00fasica en vivo y espacios recreativos.<\/p>\n\n\n\n<p class=\"MsoNormal wp-block-paragraph\">Tradicionales Ramadas Comunales Temuco 2026. Del 17 al 20 de septiembre, en la explanada ubicada al final de calle Prat. Las ramadas tradicionales ser\u00e1n instaladas por organizadores locales para la celebraci\u00f3n de las Fiestas Patrias en la comuna.<\/p>\n\n\n\n<p class=\"MsoNormal wp-block-paragraph\">Participaci\u00f3n de la Mesa Municipal del Folclor. El viernes 18 de septiembre, de 14:00 a 20:00 horas, en la Cancha 3 del Estadio Germ\u00e1n Becker. La convocatoria reunir\u00e1 a agrupaciones folcl\u00f3ricas locales para asegurar su participaci\u00f3n activa en el programa de Fiestas Patrias.<\/p>\n\n\n\n<p class=\"MsoNormal wp-block-paragraph\">Con este encuentro, Temuco inici\u00f3 oficialmente sus celebraciones patrias, poniendo en el centro la participaci\u00f3n de las comunidades educativas y el encuentro entre estudiantes, familias, organizaciones y vecinos. La invitaci\u00f3n es a ser parte de las distintas actividades que se desarrollar\u00e1n durante septiembre en diversos espacios de la comuna.<\/p>\n\n\n\n<p class=\"MsoNormal wp-block-paragraph\">&nbsp;<\/p>\n","protected":false},"excerpt":{"rendered":"<p>Cerca de 450 estudiantes de establecimientos municipales, junto a sus familias, apoderados, docentes y p\u00fablico general, participaron en una jornada de cueca frente al municipio&#8230;.<\/p>\n","protected":false},"author":7,"featured_media":21214,"comment_status":"closed","ping_status":"open","sticky":false,"template":"","format":"standard","meta":{"wpai_generated_summary":"","wpai_meta_description":"","footnotes":""},"categories":[267,3],"tags":[],"class_list":["post-21215","post","type-post","status-publish","format-standard","has-post-thumbnail","hentry","category-portada","category-region"],"_links":{"self":[{"href":"https:\/\/www.primeranota.cl\/web\/wp-json\/wp\/v2\/posts\/21215","targetHints":{"allow":["GET"]}}],"collection":[{"href":"https:\/\/www.primeranota.cl\/web\/wp-json\/wp\/v2\/posts"}],"about":[{"href":"https:\/\/www.primeranota.cl\/web\/wp-json\/wp\/v2\/types\/post"}],"author":[{"embeddable":true,"href":"https:\/\/www.primeranota.cl\/web\/wp-json\/wp\/v2\/users\/7"}],"replies":[{"embeddable":true,"href":"https:\/\/www.primeranota.cl\/web\/wp-json\/wp\/v2\/comments?post=21215"}],"version-history":[{"count":1,"href":"https:\/\/www.primeranota.cl\/web\/wp-json\/wp\/v2\/posts\/21215\/revisions"}],"predecessor-version":[{"id":21216,"href":"https:\/\/www.primeranota.cl\/web\/wp-json\/wp\/v2\/posts\/21215\/revisions\/21216"}],"wp:featuredmedia":[{"embeddable":true,"href":"https:\/\/www.primeranota.cl\/web\/wp-json\/wp\/v2\/media\/21214"}],"wp:attachment":[{"href":"https:\/\/www.primeranota.cl\/web\/wp-json\/wp\/v2\/media?parent=21215"}],"wp:term":[{"taxonomy":"category","embeddable":true,"href":"https:\/\/www.primeranota.cl\/web\/wp-json\/wp\/v2\/categories?post=21215"},{"taxonomy":"post_tag","embeddable":true,"href":"https:\/\/www.primeranota.cl\/web\/wp-json\/wp\/v2\/tags?post=21215"}],"curies":[{"name":"wp","href":"https:\/\/api.w.org\/{rel}","templated":true}]}}