{"id":21223,"date":"2026-09-04T20:26:04","date_gmt":"2026-09-05T00:26:04","guid":{"rendered":"https:\/\/www.primeranota.cl\/web\/?p=21223"},"modified":"2026-09-04T20:27:23","modified_gmt":"2026-09-05T00:27:23","slug":"hospitalizacion-domiciliaria-del-hhha-alcanza-las-90-camas-y-fortalece-la-atencion-de-pacientes-en-sus-hogares","status":"publish","type":"post","link":"https:\/\/www.primeranota.cl\/web\/region\/hospitalizacion-domiciliaria-del-hhha-alcanza-las-90-camas-y-fortalece-la-atencion-de-pacientes-en-sus-hogares\/","title":{"rendered":"Hospitalizaci\u00f3n Domiciliaria del HHHA alcanza las 90 camas y fortalece la atenci\u00f3n de pacientes en sus hogares"},"content":{"rendered":"\n<p class=\"MsoNormal wp-block-paragraph\"><strong><em>La estrategia permite que pacientes cl\u00ednicamente estables contin\u00faen tratamientos en sus hogares, liberando camas para personas que requieren atenci\u00f3n de mayor complejidad.<\/em><\/strong><\/p>\n\n\n\n<p class=\"MsoNormal wp-block-paragraph\">La Hospitalizaci\u00f3n Domiciliaria del Hospital Dr. Hern\u00e1n Henr\u00edquez Aravena de Temuco contin\u00faa consolidando su crecimiento pasando de 50 camas al inicio de a\u00f1o a tener una capacidad de 90, fortaleciendo un modelo que permite entregar atenci\u00f3n hospitalaria en el hogar y optimizar la disponibilidad de camas del establecimiento.<\/p>\n\n\n\n<p class=\"MsoNormal wp-block-paragraph\">Daniela Urra, enfermera del equipo coordinador, destac\u00f3 el crecimiento que ha experimentado la modalidad durante este a\u00f1o facilitando que pacientes, cl\u00ednicamente estables, que requieren tratamientos hospitalarios, pero no una atenci\u00f3n intrahospitalaria permanente, puedan continuar su recuperaci\u00f3n en sus hogares bajo la supervisi\u00f3n de equipos de salud.<\/p>\n\n\n\n<p class=\"MsoNormal wp-block-paragraph\">El modelo considera la evaluaci\u00f3n de pacientes derivados desde Urgencia u otros servicios hospitalarios y, cuando cumplen con las condiciones cl\u00ednicas y sociales necesarias, coordinar su ingreso a Hospitalizaci\u00f3n Domiciliaria en pocas horas, favoreciendo la liberaci\u00f3n de camas para pacientes que requieren una atenci\u00f3n de mayor complejidad.<\/p>\n\n\n\n<p class=\"MsoNormal wp-block-paragraph\">En este contexto, el director (s) del Hospital Dr. Hern\u00e1n Henr\u00edquez Aravena, Dr. Sergio Castillo C\u00e1rdenas, destac\u00f3 que el fortalecimiento de esta modalidad contribuye a ampliar la capacidad de respuesta del establecimiento. \u201cEl fortalecimiento de la Hospitalizaci\u00f3n Domiciliaria constituye un avance relevante para nuestro establecimiento, ya que permite ampliar la capacidad de respuesta del Hospital y, al mismo tiempo, optimizar la gesti\u00f3n de camas para aquellos pacientes que requieren atenci\u00f3n de mayor complejidad lo que refleja el trabajo y compromiso de nuestros equipos y responde al objetivo permanente de avanzar en estrategias orientadas a entregaruna atenci\u00f3n oportuna, segura y centrada en las necesidades de las personas\u201d.<\/p>\n\n\n\n<p class=\"MsoNormal wp-block-paragraph\"><strong>Proyecci\u00f3n y crecimiento<\/strong><\/p>\n\n\n\n<p class=\"MsoNormal wp-block-paragraph\">El jefe de Hospitalizaci\u00f3n Domiciliaria, Dr. Milton Moya, destac\u00f3 que \u201cha sido un crecimiento importante, apoyado por las personas que laboran y los directivos. Ha permitido descomprimir y aliviar las cargas de hospitalizaci\u00f3n prolongada que ten\u00edan algunos pacientes en los servicios cl\u00ednicos\u201d.<\/p>\n\n\n\n<p class=\"MsoNormal wp-block-paragraph\">Entre los avances recientes se encuentra tambi\u00e9n la ampliaci\u00f3n del horario de atenci\u00f3n, que pas\u00f3 de funcionar hasta las 20 horas a extender su cobertura hasta las 24 horas.<\/p>\n\n\n\n<p class=\"MsoNormal wp-block-paragraph\">La proyecci\u00f3n del equipo es continuar fortaleciendo la capacidad resolutiva de la unidad y avanzar hacia una atenci\u00f3n 24\/7, incorporando nuevas tecnolog\u00edas y prestaciones que permitan consolidar al Hospital Dr. Hern\u00e1n Henr\u00edquez Aravena como referente en Hospitalizaci\u00f3n Domiciliaria. \u201cQueremos, podemos y debemos ser referentes de este tema, tanto en el Servicio como en el pa\u00eds\u201d, concluy\u00f3 el Dr. Moya.<\/p>\n\n\n\n<p class=\"MsoNormal wp-block-paragraph\">El desarrollo alcanzado por esta modalidad ha posicionado al Hospital como un referente dentro de la red asistencial, compartiendo recientemente su experiencia con representantes de distintos establecimientos del Servicio de Salud Araucan\u00eda Sur, quienes conocieron experiencias y pr\u00e1cticas implementadas por el equipo y aquellas pr\u00e1cticas que podr\u00edan ser replicadas en otros centros hospitalarios.<\/p>\n\n\n\n<p class=\"MsoNormal wp-block-paragraph\">Fernanda Aravena, enfermera supervisora de Hospitalizaci\u00f3n Domiciliaria y de la Unidad de Soporte, explic\u00f3 que estas instancias buscan avanzar en estrategias orientadas a mejorar la disponibilidad de camas en los distintos establecimientos de la red por lo que \u201cquisimos mostrar las buenas pr\u00e1cticas que tiene el Hospital Dr. Hern\u00e1n Henr\u00edquez Aravena y comenzar a identificar qu\u00e9 modelos son replicables para para favorecer una mayor disponibilidad de camas en los centros de salud de la red\u201d.<\/p>\n\n\n\n<p class=\"MsoNormal wp-block-paragraph\">La experiencia compartida durante la jornada permiti\u00f3 relevar el desarrollo alcanzado por el Hospital Dr. Hern\u00e1n Henr\u00edquez Aravena en esta modalidad de atenci\u00f3n y avanzar en el intercambio de experiencias y pr\u00e1cticas que contribuyan a fortalecer la disponibilidad de camas y la capacidad de respuesta de los establecimientos de la red Araucan\u00eda Sur.<\/p>\n","protected":false},"excerpt":{"rendered":"<p>La estrategia permite que pacientes cl\u00ednicamente estables contin\u00faen tratamientos en sus hogares, liberando camas para personas que requieren atenci\u00f3n de mayor complejidad. La Hospitalizaci\u00f3n Domiciliaria&#8230;<\/p>\n","protected":false},"author":7,"featured_media":21222,"comment_status":"closed","ping_status":"open","sticky":false,"template":"","format":"standard","meta":{"wpai_generated_summary":"","wpai_meta_description":"","footnotes":""},"categories":[267,3],"tags":[],"class_list":["post-21223","post","type-post","status-publish","format-standard","has-post-thumbnail","hentry","category-portada","category-region"],"_links":{"self":[{"href":"https:\/\/www.primeranota.cl\/web\/wp-json\/wp\/v2\/posts\/21223","targetHints":{"allow":["GET"]}}],"collection":[{"href":"https:\/\/www.primeranota.cl\/web\/wp-json\/wp\/v2\/posts"}],"about":[{"href":"https:\/\/www.primeranota.cl\/web\/wp-json\/wp\/v2\/types\/post"}],"author":[{"embeddable":true,"href":"https:\/\/www.primeranota.cl\/web\/wp-json\/wp\/v2\/users\/7"}],"replies":[{"embeddable":true,"href":"https:\/\/www.primeranota.cl\/web\/wp-json\/wp\/v2\/comments?post=21223"}],"version-history":[{"count":1,"href":"https:\/\/www.primeranota.cl\/web\/wp-json\/wp\/v2\/posts\/21223\/revisions"}],"predecessor-version":[{"id":21224,"href":"https:\/\/www.primeranota.cl\/web\/wp-json\/wp\/v2\/posts\/21223\/revisions\/21224"}],"wp:featuredmedia":[{"embeddable":true,"href":"https:\/\/www.primeranota.cl\/web\/wp-json\/wp\/v2\/media\/21222"}],"wp:attachment":[{"href":"https:\/\/www.primeranota.cl\/web\/wp-json\/wp\/v2\/media?parent=21223"}],"wp:term":[{"taxonomy":"category","embeddable":true,"href":"https:\/\/www.primeranota.cl\/web\/wp-json\/wp\/v2\/categories?post=21223"},{"taxonomy":"post_tag","embeddable":true,"href":"https:\/\/www.primeranota.cl\/web\/wp-json\/wp\/v2\/tags?post=21223"}],"curies":[{"name":"wp","href":"https:\/\/api.w.org\/{rel}","templated":true}]}}