{"id":21226,"date":"2026-09-04T20:29:16","date_gmt":"2026-09-05T00:29:16","guid":{"rendered":"https:\/\/www.primeranota.cl\/web\/?p=21226"},"modified":"2026-09-04T20:31:12","modified_gmt":"2026-09-05T00:31:12","slug":"bibliotecas-de-temuco-abriran-sus-puertas-a-talleres-de-salud-aprendizaje-y-apoyo-comunitario","status":"publish","type":"post","link":"https:\/\/www.primeranota.cl\/web\/region\/bibliotecas-de-temuco-abriran-sus-puertas-a-talleres-de-salud-aprendizaje-y-apoyo-comunitario\/","title":{"rendered":"Bibliotecas de Temuco abrir\u00e1n sus puertas a talleres de salud, aprendizaje y apoyo comunitario"},"content":{"rendered":"\n<p class=\"MsoNormal wp-block-paragraph\"><\/p>\n\n\n\n<p class=\"MsoNormal wp-block-paragraph\"><strong><em>El acuerdo permitir\u00e1 realizar talleres y atenciones mensuales gratuitas en bibliotecas municipales, con participaci\u00f3n de docentes y estudiantes de IPChile en \u00e1reas como fonoaudiolog\u00eda, kinesiolog\u00eda, terapia ocupacional, psicopedagog\u00eda y enfermer\u00eda.<\/em><\/strong><\/p>\n\n\n\n<p class=\"MsoNormal wp-block-paragraph\">Un convenio entre la Municipalidad de Temuco e IPChile permitir\u00e1 desarrollar atenciones y actividades mensuales gratuitas en distintas bibliotecas de la comuna, con participaci\u00f3n de docentes y estudiantes de \u00e1reas como fonoaudiolog\u00eda, kinesiolog\u00eda, terapia ocupacional, psicopedagog\u00eda y enfermer\u00eda.<\/p>\n\n\n\n<p class=\"MsoNormal wp-block-paragraph\">Las bibliotecas municipales de Temuco ampliar\u00e1n su oferta de servicios con talleres, operativos y espacios de orientaci\u00f3n gratuitos para la comunidad. La iniciativa incluir\u00e1 actividades de alfabetizaci\u00f3n digital, apoyo a la crianza, atenci\u00f3n para personas mayores y orientaci\u00f3n para j\u00f3venes y adultos, gracias a un convenio suscrito entre el municipio e IPChile.<\/p>\n\n\n\n<p class=\"MsoNormal wp-block-paragraph\">La alianza permitir\u00e1 que docentes y estudiantes de las carreras de Fonoaudiolog\u00eda, Terapia Ocupacional, Kinesiolog\u00eda, Psicopedagog\u00eda, Masoterapia y T\u00e9cnico en Enfermer\u00eda desarrollen atenciones y talleres mensuales en las bibliotecas comunitarias. De esta forma, los recintos fortalecer\u00e1n su rol como espacios de encuentro, aprendizaje, cultura y participaci\u00f3n para vecinos de distintos sectores de la comuna.<\/p>\n\n\n\n<p class=\"MsoNormal wp-block-paragraph\">La firma del convenio se realiz\u00f3 en el Sal\u00f3n del Concejo Municipal y reuni\u00f3 a representantes de la Municipalidad de Temuco y del Instituto Profesional IPChile. El acuerdo busca proyectar el trabajo conjunto entre ambas instituciones y acercar herramientas formativas, orientaci\u00f3n y actividades comunitarias a los territorios donde se emplaza la red de bibliotecas municipales.<\/p>\n\n\n\n<p class=\"MsoNormal wp-block-paragraph\"><strong>Talleres y atenci\u00f3n en los barrios<\/strong><\/p>\n\n\n\n<p class=\"MsoNormal wp-block-paragraph\">Las actividades contemplar\u00e1n talleres de habilidades parentales, alfabetizaci\u00f3n digital, orientaci\u00f3n para j\u00f3venes y adultos, acciones dirigidas a personas mayores y otras instancias de apoyo para la comunidad. Los operativos ser\u00e1n desarrollados por docentes y estudiantes de IPChile, vinculando la formaci\u00f3n pr\u00e1ctica de las distintas carreras con las necesidades de los vecinos.<\/p>\n\n\n\n<p class=\"MsoNormal wp-block-paragraph\">Asimismo, los estudiantes y titulados de IPChile sede Temuco podr\u00e1n acceder a los espacios y servicios de la red de bibliotecas municipales, incluyendo sus textos y recursos disponibles para la comunidad.<\/p>\n\n\n\n<p class=\"MsoNormal wp-block-paragraph\">Samuel Moreno Castillo explic\u00f3 que el acuerdo permitir\u00e1 desarrollar talleres y actividades en distintos sectores de la comuna. \u201cEspec\u00edficamente hemos establecido lazos con la red de bibliotecas que tiene esta gran comuna, donde nosotros como IPChile vamos a poder implementar distintos talleres y actividades en las macrozonas de Temuco. A su vez, nuestros estudiantes, ya sea de Temuco o de otras comunas, van a poder acceder a los espacios de la biblioteca municipal, a los libros y a todos los textos que tienen para su servicio\u201d, detall\u00f3.<\/p>\n\n\n\n<p class=\"MsoNormal wp-block-paragraph\">El alcalde de Temuco, Roberto Neira Aburto, destac\u00f3 la importancia de avanzar en la modernizaci\u00f3n de los procesos educativos y de contar con instituciones que permitan a los estudiantes complementar la formaci\u00f3n te\u00f3rica con experiencias pr\u00e1cticas en beneficio de la comunidad.<\/p>\n\n\n\n<p class=\"MsoNormal wp-block-paragraph\">\u201cEste convenio permitir\u00e1 convertir las bibliotecas municipales en espacios a\u00fan m\u00e1s cercanos, integrando formaci\u00f3n, orientaci\u00f3n y actividades pr\u00e1cticas. Y para nosotros es fundamental modernizar los procesos educativos y contar con socios estrat\u00e9gicos que permitan a los estudiantes pasar de lo te\u00f3rico a lo pr\u00e1ctico, aportando directamente a nuestros vecinos y vecinas. Queremos que nuestras bibliotecas sigan siendo lugares abiertos al aprendizaje, la cultura, la participaci\u00f3n y las nuevas oportunidades\u201d, agreg\u00f3 la autoridad comunal.<\/p>\n\n\n\n<p class=\"MsoNormal wp-block-paragraph\">La firma de este convenio reafirma el compromiso de ambas instituciones de continuar generando alianzas que acerquen la educaci\u00f3n, la cultura y nuevas oportunidades a los distintos territorios de la comuna. A trav\u00e9s de esta colaboraci\u00f3n, las bibliotecas municipales sumar\u00e1n nuevas herramientas para responder a las necesidades de vecinos y vecinas, fortaleciendo su rol como espacios abiertos al aprendizaje, la participaci\u00f3n y el desarrollo comunitario.<\/p>\n","protected":false},"excerpt":{"rendered":"<p>El acuerdo permitir\u00e1 realizar talleres y atenciones mensuales gratuitas en bibliotecas municipales, con participaci\u00f3n de docentes y estudiantes de IPChile en \u00e1reas como fonoaudiolog\u00eda, kinesiolog\u00eda,&#8230;<\/p>\n","protected":false},"author":7,"featured_media":21225,"comment_status":"closed","ping_status":"open","sticky":false,"template":"","format":"standard","meta":{"wpai_generated_summary":"","wpai_meta_description":"","footnotes":""},"categories":[267,3],"tags":[],"class_list":["post-21226","post","type-post","status-publish","format-standard","has-post-thumbnail","hentry","category-portada","category-region"],"_links":{"self":[{"href":"https:\/\/www.primeranota.cl\/web\/wp-json\/wp\/v2\/posts\/21226","targetHints":{"allow":["GET"]}}],"collection":[{"href":"https:\/\/www.primeranota.cl\/web\/wp-json\/wp\/v2\/posts"}],"about":[{"href":"https:\/\/www.primeranota.cl\/web\/wp-json\/wp\/v2\/types\/post"}],"author":[{"embeddable":true,"href":"https:\/\/www.primeranota.cl\/web\/wp-json\/wp\/v2\/users\/7"}],"replies":[{"embeddable":true,"href":"https:\/\/www.primeranota.cl\/web\/wp-json\/wp\/v2\/comments?post=21226"}],"version-history":[{"count":1,"href":"https:\/\/www.primeranota.cl\/web\/wp-json\/wp\/v2\/posts\/21226\/revisions"}],"predecessor-version":[{"id":21227,"href":"https:\/\/www.primeranota.cl\/web\/wp-json\/wp\/v2\/posts\/21226\/revisions\/21227"}],"wp:featuredmedia":[{"embeddable":true,"href":"https:\/\/www.primeranota.cl\/web\/wp-json\/wp\/v2\/media\/21225"}],"wp:attachment":[{"href":"https:\/\/www.primeranota.cl\/web\/wp-json\/wp\/v2\/media?parent=21226"}],"wp:term":[{"taxonomy":"category","embeddable":true,"href":"https:\/\/www.primeranota.cl\/web\/wp-json\/wp\/v2\/categories?post=21226"},{"taxonomy":"post_tag","embeddable":true,"href":"https:\/\/www.primeranota.cl\/web\/wp-json\/wp\/v2\/tags?post=21226"}],"curies":[{"name":"wp","href":"https:\/\/api.w.org\/{rel}","templated":true}]}}