{"id":21229,"date":"2026-09-04T20:33:56","date_gmt":"2026-09-05T00:33:56","guid":{"rendered":"https:\/\/www.primeranota.cl\/web\/?p=21229"},"modified":"2026-09-04T20:34:39","modified_gmt":"2026-09-05T00:34:39","slug":"cge-activa-plan-de-accion-preventivo-ante-viento-puelche-que-afectaria-a-la-zona-lacustre-de-la-araucania","status":"publish","type":"post","link":"https:\/\/www.primeranota.cl\/web\/region\/cge-activa-plan-de-accion-preventivo-ante-viento-puelche-que-afectaria-a-la-zona-lacustre-de-la-araucania\/","title":{"rendered":"CGE activa plan de acci\u00f3n preventivo ante viento puelche que afectar\u00eda a la zona lacustre de La Araucan\u00eda"},"content":{"rendered":"\n<p class=\"MsoNormal wp-block-paragraph\"><\/p>\n\n\n\n<ul class=\"wp-block-list\">\n<li>La compa\u00f1\u00eda multiplicar\u00e1 los recursos para atender contingencias y posibles interrupciones de suministro.<\/li>\n<\/ul>\n\n\n\n<p class=\"MsoNormal wp-block-paragraph\"> CGE activ\u00f3 su plan preventivo de operaciones para atender de la forma m\u00e1s expedita las posibles las interrupciones de suministro el\u00e9ctrico que podr\u00edan afectar a las comunas de la zona lacustre de la Araucan\u00eda, Villarrica, Puc\u00f3n, Curarrehue, y Loncoche.<\/p>\n\n\n\n<p class=\"MsoNormal wp-block-paragraph\">Lo anterior, ante las proyecciones meteorol\u00f3gicas de viento puelche en dichas comunas.<\/p>\n\n\n\n<p class=\"MsoNormal wp-block-paragraph\">El plan contempla medidas como la preparaci\u00f3n de los centros de operaci\u00f3n, el despliegue de 113 brigadas entre livianas y pesadas, con m\u00e1s de 300 personas operativas en terreno para atender las posibles interrupciones de suministro que podr\u00edan presentarse.<\/p>\n\n\n\n<p class=\"MsoNormal wp-block-paragraph\">Asimismo, la Compa\u00f1\u00eda dispondr\u00e1 de personal especializado y generadores para atender posibles requerimientos de clientes electrodependientes en las comunas bajo su concesi\u00f3n. En este sentido, CGE cuenta con un n\u00famero exclusivo para atenci\u00f3n de electrodependientes, el 800 203 180.<\/p>\n\n\n\n<p class=\"MsoNormal wp-block-paragraph\">\u00a0Cabe destacar, que CGE activ\u00f3 su plan de relacionamiento orientado hacia las autoridades, regionales, comunales, y locales, con el prop\u00f3sito de proporcionar informaci\u00f3n y atender los requerimientos prioritarios que tengan que ver con casos de pecientes electrodependientes, o situaci\u00f3n de riesgo de tipo el\u00e9ctrico.<\/p>\n","protected":false},"excerpt":{"rendered":"<p>CGE activ\u00f3 su plan preventivo de operaciones para atender de la forma m\u00e1s expedita las posibles las interrupciones de suministro el\u00e9ctrico que podr\u00edan afectar a&#8230;<\/p>\n","protected":false},"author":7,"featured_media":21228,"comment_status":"closed","ping_status":"open","sticky":false,"template":"","format":"standard","meta":{"wpai_generated_summary":"","wpai_meta_description":"","footnotes":""},"categories":[267,3],"tags":[],"class_list":["post-21229","post","type-post","status-publish","format-standard","has-post-thumbnail","hentry","category-portada","category-region"],"_links":{"self":[{"href":"https:\/\/www.primeranota.cl\/web\/wp-json\/wp\/v2\/posts\/21229","targetHints":{"allow":["GET"]}}],"collection":[{"href":"https:\/\/www.primeranota.cl\/web\/wp-json\/wp\/v2\/posts"}],"about":[{"href":"https:\/\/www.primeranota.cl\/web\/wp-json\/wp\/v2\/types\/post"}],"author":[{"embeddable":true,"href":"https:\/\/www.primeranota.cl\/web\/wp-json\/wp\/v2\/users\/7"}],"replies":[{"embeddable":true,"href":"https:\/\/www.primeranota.cl\/web\/wp-json\/wp\/v2\/comments?post=21229"}],"version-history":[{"count":1,"href":"https:\/\/www.primeranota.cl\/web\/wp-json\/wp\/v2\/posts\/21229\/revisions"}],"predecessor-version":[{"id":21230,"href":"https:\/\/www.primeranota.cl\/web\/wp-json\/wp\/v2\/posts\/21229\/revisions\/21230"}],"wp:featuredmedia":[{"embeddable":true,"href":"https:\/\/www.primeranota.cl\/web\/wp-json\/wp\/v2\/media\/21228"}],"wp:attachment":[{"href":"https:\/\/www.primeranota.cl\/web\/wp-json\/wp\/v2\/media?parent=21229"}],"wp:term":[{"taxonomy":"category","embeddable":true,"href":"https:\/\/www.primeranota.cl\/web\/wp-json\/wp\/v2\/categories?post=21229"},{"taxonomy":"post_tag","embeddable":true,"href":"https:\/\/www.primeranota.cl\/web\/wp-json\/wp\/v2\/tags?post=21229"}],"curies":[{"name":"wp","href":"https:\/\/api.w.org\/{rel}","templated":true}]}}