{"id":21232,"date":"2026-09-04T20:37:02","date_gmt":"2026-09-05T00:37:02","guid":{"rendered":"https:\/\/www.primeranota.cl\/web\/?p=21232"},"modified":"2026-09-04T20:37:53","modified_gmt":"2026-09-05T00:37:53","slug":"dos-boxeadoras-de-la-educacion-publica-de-temuco-conquistan-los-primeros-lugares-en-torneo-en-los-lagos","status":"publish","type":"post","link":"https:\/\/www.primeranota.cl\/web\/region\/dos-boxeadoras-de-la-educacion-publica-de-temuco-conquistan-los-primeros-lugares-en-torneo-en-los-lagos\/","title":{"rendered":"Dos boxeadoras de la educaci\u00f3n p\u00fablica de Temuco conquistan los primeros lugares en torneo en Los Lagos"},"content":{"rendered":"\n<p class=\"MsoNormal wp-block-paragraph\"><\/p>\n\n\n\n<p class=\"MsoNormal wp-block-paragraph\"><strong><em>Valentina Espinosa (estudiante de Escuela Los Trigales) y Monserrat Morales (estudiante del Isett) se coronaron campeonas en la Velada Internacional de Boxeo Amateur en Malalhue tras superar a representantes de Valdivia y Argentina. Ambas destacan el respaldo de sus comunidades escolares y del programa municipal \u00abImpulsando Campeones\u00bb.<\/em><\/strong><\/p>\n\n\n\n<p class=\"MsoNormal wp-block-paragraph\">Con una destacada actuaci\u00f3n, que incluy\u00f3 triunfos ante rivales interregionales e internacionales, regres\u00f3 a la capital regional la delegaci\u00f3n de boxeo femenino que represent\u00f3 a los establecimientos municipales de Temuco en la reciente Velada Internacional de Boxeo Amateur, realizada en el Gimnasio Municipal de Malalhue, comuna de Lanco.<\/p>\n\n\n\n<p class=\"MsoNormal wp-block-paragraph\">La jornada estuvo marcada por el dominio de las pugilistas temucanas en la categor\u00eda de los 51 y 53 kilos. Valentina Espinosa, deportista de 14 a\u00f1os y vecina del sector Pedro de Valdivia, estudiante de la Escuela Municipal los Trigales, obtuvo el primer lugar tras vencer a la representante de Valdivia. La joven, que entrena en el dojo SBL Temuco junto a los profesores Mar\u00eda Paz Silva y Jos\u00e9 Carlos, complementa su preparaci\u00f3n t\u00e9cnica en el programa municipal \u00abImpulsando Campeones\u00bb.<\/p>\n\n\n\n<p class=\"MsoNormal wp-block-paragraph\">Junto con valorar la disciplina que le entrega el deporte, Valentina destac\u00f3 el respaldo institucional y comunitario recibido: \u00abEs bac\u00e1n, porque nunca me hab\u00eda sentido tan apoyada por mi colegio y por el alcalde; nunca pens\u00e9 que vendr\u00eda ese apoyo de \u00e9l hacia m\u00ed. El boxeo te ense\u00f1a lo que es la disciplina y la perseverancia, te saca de los malos pasos y te ayuda a ser mejor\u00bb, afirm\u00f3.<\/p>\n\n\n\n<p class=\"MsoNormal wp-block-paragraph\">A este logro se sum\u00f3 la victoria de Monserrat Morales, estudiante de la especialidad de Gastronom\u00eda del Instituto Superior de Especialidades T\u00e9cnicas de Temuco (Isett). Morales, cuya categor\u00eda de 53kg se midi\u00f3 en un intenso combate contra una seleccionada de Argentina, logrando el primer puesto.<\/p>\n\n\n\n<p class=\"MsoNormal wp-block-paragraph\">\u00abLlegu\u00e9 bien, con fuerza y lista para pelear. Sent\u00ed el apoyo de mi comuna muy agradable; todos me apoyaron en el proceso, durante y despu\u00e9s de la pelea. Los profesores de mi liceo estuvieron pendientes, e incluso gente que no conozco. Este es un deporte muy bonito que te ense\u00f1a disciplina y perseverancia para toda la vida\u00bb, expres\u00f3 la estudiante del Isett.<\/p>\n\n\n\n<p class=\"MsoNormal wp-block-paragraph\">Tras los resultados, el Alcalde de Temuco, Roberto Neira Aburto, valor\u00f3 el esfuerzo de ambas deportistas y reafirm\u00f3 el compromiso con la formaci\u00f3n integral en los establecimientos de la comuna.<\/p>\n\n\n\n<p class=\"MsoNormal wp-block-paragraph\">\u00abLo que han logrado Valentina y Monserrat demuestra que cuando entregamos herramientas y confiamos en el talento de nuestras y nuestros estudiantes, no hay l\u00edmites. Nos llena de orgullo ver a j\u00f3venes de sectores como Pedro de Valdivia y de liceos tan emblem\u00e1ticos como el Isett destacando a nivel internacional. El compromiso de nuestra gesti\u00f3n es seguir respald\u00e1ndolas para que el factor econ\u00f3mico o la falta de espacios jam\u00e1s frenen sus metas deportivas\u00bb.<\/p>\n\n\n\n<p class=\"MsoNormal wp-block-paragraph\">Desde la Direcci\u00f3n de Educaci\u00f3n Municipal (DAEM) destacaron que la articulaci\u00f3n entre las aulas de la educaci\u00f3n p\u00fablica y los programas de desarrollo deportivo comunal continuar\u00e1 potenciando el surgimiento de nuevas promesas locales.<\/p>\n","protected":false},"excerpt":{"rendered":"<p>Valentina Espinosa (estudiante de Escuela Los Trigales) y Monserrat Morales (estudiante del Isett) se coronaron campeonas en la Velada Internacional de Boxeo Amateur en Malalhue&#8230;<\/p>\n","protected":false},"author":7,"featured_media":21231,"comment_status":"closed","ping_status":"open","sticky":false,"template":"","format":"standard","meta":{"wpai_generated_summary":"","wpai_meta_description":"","footnotes":""},"categories":[267,3],"tags":[],"class_list":["post-21232","post","type-post","status-publish","format-standard","has-post-thumbnail","hentry","category-portada","category-region"],"_links":{"self":[{"href":"https:\/\/www.primeranota.cl\/web\/wp-json\/wp\/v2\/posts\/21232","targetHints":{"allow":["GET"]}}],"collection":[{"href":"https:\/\/www.primeranota.cl\/web\/wp-json\/wp\/v2\/posts"}],"about":[{"href":"https:\/\/www.primeranota.cl\/web\/wp-json\/wp\/v2\/types\/post"}],"author":[{"embeddable":true,"href":"https:\/\/www.primeranota.cl\/web\/wp-json\/wp\/v2\/users\/7"}],"replies":[{"embeddable":true,"href":"https:\/\/www.primeranota.cl\/web\/wp-json\/wp\/v2\/comments?post=21232"}],"version-history":[{"count":1,"href":"https:\/\/www.primeranota.cl\/web\/wp-json\/wp\/v2\/posts\/21232\/revisions"}],"predecessor-version":[{"id":21233,"href":"https:\/\/www.primeranota.cl\/web\/wp-json\/wp\/v2\/posts\/21232\/revisions\/21233"}],"wp:featuredmedia":[{"embeddable":true,"href":"https:\/\/www.primeranota.cl\/web\/wp-json\/wp\/v2\/media\/21231"}],"wp:attachment":[{"href":"https:\/\/www.primeranota.cl\/web\/wp-json\/wp\/v2\/media?parent=21232"}],"wp:term":[{"taxonomy":"category","embeddable":true,"href":"https:\/\/www.primeranota.cl\/web\/wp-json\/wp\/v2\/categories?post=21232"},{"taxonomy":"post_tag","embeddable":true,"href":"https:\/\/www.primeranota.cl\/web\/wp-json\/wp\/v2\/tags?post=21232"}],"curies":[{"name":"wp","href":"https:\/\/api.w.org\/{rel}","templated":true}]}}