{"id":21235,"date":"2026-09-04T21:40:45","date_gmt":"2026-09-05T01:40:45","guid":{"rendered":"https:\/\/www.primeranota.cl\/web\/?p=21235"},"modified":"2026-09-04T22:11:04","modified_gmt":"2026-09-05T02:11:04","slug":"declaracion-dc-araucania-por-fallecimiento-de-camilo-escalona","status":"publish","type":"post","link":"https:\/\/www.primeranota.cl\/web\/politica\/declaracion-dc-araucania-por-fallecimiento-de-camilo-escalona\/","title":{"rendered":"Declaraci\u00f3n DC Araucan\u00eda por fallecimiento de Camilo Escalona"},"content":{"rendered":"<p>La <strong>Directiva Regional del Partido Dem\u00f3crata Cristiano de La Araucan\u00eda<\/strong> expresa su profundo pesar ante el fallecimiento, a los 71 a\u00f1os, de <strong>Camilo Escalona Medina<\/strong>, hist\u00f3rico dirigente del Partido Socialista de Chile.<\/p>\n<p>Militante socialista desde los 14 a\u00f1os, Camilo Escalona dedic\u00f3 pr\u00e1cticamente toda su vida a la actividad pol\u00edtica y al servicio p\u00fablico. A lo largo de su extensa trayectoria fue dirigente de su colectividad, diputado, senador, <strong>Presidente del Senado de la Rep\u00fablica<\/strong>, Presidente del Partido Socialista.<\/p>\n<p>Desde la Democracia Cristiana reconocemos en su trayectoria una vida de compromiso con sus convicciones, con la democracia y con Chile. Perteneci\u00f3 a una generaci\u00f3n pol\u00edtica que enfrent\u00f3 momentos particularmente dif\u00edciles de nuestra historia y que posteriormente asumi\u00f3 la responsabilidad de contribuir a la recuperaci\u00f3n y consolidaci\u00f3n de nuestra convivencia democr\u00e1tica.<\/p>\n<p>Democratacristianos y socialistas provenimos de tradiciones pol\u00edticas distintas, con identidades propias y leg\u00edtimas diferencias. Pero tambi\u00e9n hemos compartido una parte fundamental de la historia democr\u00e1tica de nuestro pa\u00eds. Camilo Escalona fue protagonista de ese encuentro que permiti\u00f3 construir acuerdos, recuperar la democracia y posteriormente gobernar juntos durante una etapa trascendental para Chile.<\/p>\n<p>Hoy queremos reconocer al militante, al dirigente y al servidor p\u00fablico; pero, sobre todo, valorar una vida dedicada desde muy joven a aquello en lo que crey\u00f3. <strong>Cincuenta y siete a\u00f1os de militancia constituyen el testimonio de una vocaci\u00f3n pol\u00edtica sostenida a lo largo de toda una vida.<\/strong><\/p>\n<p>Desde La Araucan\u00eda hacemos llegar nuestras m\u00e1s sentidas condolencias a su familia y seres queridos, y nuestro abrazo fraterno a las compa\u00f1eras y compa\u00f1eros del <strong>Partido Socialista de Chile<\/strong>, ante la partida de uno de sus hist\u00f3ricos dirigentes.<\/p>\n<p><strong>Directiva Regional<br \/>Partido Dem\u00f3crata Cristiano<br \/>Regi\u00f3n de La Araucan\u00eda<\/strong><\/p>\n<p>&nbsp;<\/p>\n","protected":false},"excerpt":{"rendered":"<p>La Directiva Regional del Partido Dem\u00f3crata Cristiano de La Araucan\u00eda expresa su profundo pesar ante el fallecimiento, a los 71 a\u00f1os, de Camilo Escalona Medina,&#8230;<\/p>\n","protected":false},"author":7,"featured_media":21234,"comment_status":"closed","ping_status":"open","sticky":false,"template":"","format":"standard","meta":{"wpai_generated_summary":"","wpai_meta_description":"","footnotes":""},"categories":[5,267],"tags":[],"class_list":["post-21235","post","type-post","status-publish","format-standard","has-post-thumbnail","hentry","category-politica","category-portada"],"_links":{"self":[{"href":"https:\/\/www.primeranota.cl\/web\/wp-json\/wp\/v2\/posts\/21235","targetHints":{"allow":["GET"]}}],"collection":[{"href":"https:\/\/www.primeranota.cl\/web\/wp-json\/wp\/v2\/posts"}],"about":[{"href":"https:\/\/www.primeranota.cl\/web\/wp-json\/wp\/v2\/types\/post"}],"author":[{"embeddable":true,"href":"https:\/\/www.primeranota.cl\/web\/wp-json\/wp\/v2\/users\/7"}],"replies":[{"embeddable":true,"href":"https:\/\/www.primeranota.cl\/web\/wp-json\/wp\/v2\/comments?post=21235"}],"version-history":[{"count":3,"href":"https:\/\/www.primeranota.cl\/web\/wp-json\/wp\/v2\/posts\/21235\/revisions"}],"predecessor-version":[{"id":21238,"href":"https:\/\/www.primeranota.cl\/web\/wp-json\/wp\/v2\/posts\/21235\/revisions\/21238"}],"wp:featuredmedia":[{"embeddable":true,"href":"https:\/\/www.primeranota.cl\/web\/wp-json\/wp\/v2\/media\/21234"}],"wp:attachment":[{"href":"https:\/\/www.primeranota.cl\/web\/wp-json\/wp\/v2\/media?parent=21235"}],"wp:term":[{"taxonomy":"category","embeddable":true,"href":"https:\/\/www.primeranota.cl\/web\/wp-json\/wp\/v2\/categories?post=21235"},{"taxonomy":"post_tag","embeddable":true,"href":"https:\/\/www.primeranota.cl\/web\/wp-json\/wp\/v2\/tags?post=21235"}],"curies":[{"name":"wp","href":"https:\/\/api.w.org\/{rel}","templated":true}]}}